{"id":133323,"date":"2025-04-02T19:43:52","date_gmt":"2025-04-03T01:43:52","guid":{"rendered":"https:\/\/diariodigitalmx.com\/?p=133323"},"modified":"2026-04-06T11:22:43","modified_gmt":"2026-04-06T17:22:43","slug":"propone-rocio-montalvo-que-arbolado-de-fundidora-sea-declarado-patrimonio-del-parque","status":"publish","type":"post","link":"https:\/\/diariodigitalmx.com\/index.php\/2025\/04\/02\/propone-rocio-montalvo-que-arbolado-de-fundidora-sea-declarado-patrimonio-del-parque\/","title":{"rendered":"Propone Roc\u00edo Montalvo que arbolado de Fundidora sea declarado patrimonio del Parque"},"content":{"rendered":"\n<p>La diputada de Movimiento Ciudadano, Roc\u00edo Maybe Montalvo Adame, present\u00f3 en el Congreso del Estado un proyecto de reforma a la Ley que crea el Organismo P\u00fablico Descentralizado Parque Fundidora, con el objetivo de incluir a la flora y vegetaci\u00f3n como parte de su patrimonio propio.<\/p>\n\n\n\n<p>Con la iniciativa se busca impedir se disponga arbitrariamente de los \u00e1rboles del parque y se obligar\u00eda a implementar programas de conservaci\u00f3n y reforestaci\u00f3n.&nbsp;<\/p>\n\n\n\n<p>&#8220;Parque Fundidora fue concebido como pulm\u00f3n verde para el \u00e1rea metropolitana de Monterrey, y administraciones anteriores se han permitieron la tala indiscriminada. S\u00f3lo entre 2008 y 2018 perdimos 5,043 metros cuadrados de \u00e1reas verdes, seg\u00fan estudios satelitales que se presentaron p\u00fablicamente. Esto es inaceptable&#8221;, afirm\u00f3 Montalvo Adame.<\/p>\n\n\n\n<p>La iniciativa se sustenta en datos de la CONABIO que identificaron 576 especies vegetales en el parque, muchas de ellas end\u00e9micas, as\u00ed como en la evidencia de tala ampliamente reportada en a\u00f1os pasados por activistas y los medios de comunicaci\u00f3n: &#8220;En 2013, por ejemplo, talaron decenas de \u00e1rboles supuestamente &#8216;enfermos&#8217; para construir dos estacionamientos, como document\u00f3 la prensa. Con esta reforma, cada \u00e1rbol tendr\u00e1 protecci\u00f3n legal equivalente a la de cualquier parte integrante del patrimonio actual del parque&#8221;, explic\u00f3 la diputada.<\/p>\n\n\n\n<p>El proyecto establece tres ejes principales de protecci\u00f3n:<\/p>\n\n\n\n<p>1. Declarar patrimonio propio del Organismo a toda la flora y vegetaci\u00f3n dentro del parque.<\/p>\n\n\n\n<p>2. Obligar a la directiva de Fundidora a rendir cuentas sobre el estado de los \u00e1rboles.<\/p>\n\n\n\n<p>3. Con este cambio en el estatus jur\u00eddico, habr\u00e1 responsabilidades administrativas por da\u00f1o o tala no justificada.<\/p>\n\n\n\n<p>&#8220;No podemos darnos el lujo de perder m\u00e1s \u00e1reas verdes. Un estudio reciente muestra que las enfermedades respiratorias vinculadas directamente con la contaminaci\u00f3n aumentaron 50%, enfermedades que estos mismos \u00e1rboles ayudan a mitigar porque un \u00e1rbol maduro llega a filtrar hasta 150 kg de contaminantes&#8221;, destac\u00f3 Montalvo.<\/p>\n\n\n\n<p>La diputada record\u00f3 que cuando el gobierno federal don\u00f3 los terrenos en 1989, lo hizo expresamente para crear un espacio que combatiera la contaminaci\u00f3n. &#8220;Hoy buscamos continuar respaldando ese prop\u00f3sito, protegiendo la vegetaci\u00f3n\u201d, subray\u00f3.<\/p>\n\n\n\n<p>Montalvo dej\u00f3 en claro que la iniciativa no busca paralizar el desarrollo del parque, sino garantizar que cualquier intervenci\u00f3n en su vegetaci\u00f3n cuente con sustento t\u00e9cnico y mecanismos de compensaci\u00f3n ya que &#8220;Los grandes parques urbanos del mundo -como Central Park o Chapultepec- son ejemplos de c\u00f3mo conviven infraestructura y naturaleza cuando hay voluntad y visi\u00f3n ecol\u00f3gica&#8221;, afirm\u00f3.<\/p>\n\n\n\n<p>De aprobarse esta reforma, su flora y vegetaci\u00f3n quedar\u00edan protegidas bajo el mismo esquema jur\u00eddico que resguarda el patrimonio financiero, arquitect\u00f3nico e hist\u00f3rico del sitio.<\/p>\n","protected":false},"excerpt":{"rendered":"<p>La diputada de Movimiento Ciudadano, Roc\u00edo Maybe Montalvo Adame, present\u00f3 en el Congreso del Estado un proyecto de reforma a la Ley que crea el Organismo P\u00fablico Descentralizado Parque Fundidora, con el objetivo de incluir a la flora y vegetaci\u00f3n como parte de su patrimonio propio. Con la iniciativa se busca impedir se disponga arbitrariamente [&hellip;]<\/p>\n","protected":false},"author":1,"featured_media":133325,"comment_status":"open","ping_status":"open","sticky":true,"template":"","format":"standard","meta":{"footnotes":""},"categories":[6,3,5],"tags":[],"_links":{"self":[{"href":"https:\/\/diariodigitalmx.com\/index.php\/wp-json\/wp\/v2\/posts\/133323"}],"collection":[{"href":"https:\/\/diariodigitalmx.com\/index.php\/wp-json\/wp\/v2\/posts"}],"about":[{"href":"https:\/\/diariodigitalmx.com\/index.php\/wp-json\/wp\/v2\/types\/post"}],"author":[{"embeddable":true,"href":"https:\/\/diariodigitalmx.com\/index.php\/wp-json\/wp\/v2\/users\/1"}],"replies":[{"embeddable":true,"href":"https:\/\/diariodigitalmx.com\/index.php\/wp-json\/wp\/v2\/comments?post=133323"}],"version-history":[{"count":1,"href":"https:\/\/diariodigitalmx.com\/index.php\/wp-json\/wp\/v2\/posts\/133323\/revisions"}],"predecessor-version":[{"id":133324,"href":"https:\/\/diariodigitalmx.com\/index.php\/wp-json\/wp\/v2\/posts\/133323\/revisions\/133324"}],"wp:featuredmedia":[{"embeddable":true,"href":"https:\/\/diariodigitalmx.com\/index.php\/wp-json\/wp\/v2\/media\/133325"}],"wp:attachment":[{"href":"https:\/\/diariodigitalmx.com\/index.php\/wp-json\/wp\/v2\/media?parent=133323"}],"wp:term":[{"taxonomy":"category","embeddable":true,"href":"https:\/\/diariodigitalmx.com\/index.php\/wp-json\/wp\/v2\/categories?post=133323"},{"taxonomy":"post_tag","embeddable":true,"href":"https:\/\/diariodigitalmx.com\/index.php\/wp-json\/wp\/v2\/tags?post=133323"}],"curies":[{"name":"wp","href":"https:\/\/api.w.org\/{rel}","templated":true}]}}