{"id":133361,"date":"2025-04-04T05:39:09","date_gmt":"2025-04-04T11:39:09","guid":{"rendered":"https:\/\/diariodigitalmx.com\/?p=133361"},"modified":"2025-04-04T06:21:14","modified_gmt":"2025-04-04T12:21:14","slug":"avanza-dialogo-entre-comerciantes-de-la-croc-y-municipio-de-monterrey","status":"publish","type":"post","link":"https:\/\/diariodigitalmx.com\/index.php\/2025\/04\/04\/avanza-dialogo-entre-comerciantes-de-la-croc-y-municipio-de-monterrey\/","title":{"rendered":"Avanza di\u00e1logo entre comerciantes de la CROC y municipio de Monterrey"},"content":{"rendered":"\n<p>Los artesanos y oferentes volver\u00e1n a trabajar libres de las presiones de los inspectores, como un primer resultado de la mesa de di\u00e1logo entre la direcci\u00f3n de Comercio y Osvaldo Serna Serv\u00edn, representante de los comerciantes.<\/p>\n\n\n\n<p>Lo anterior inform\u00f3 Osvaldo Serna al t\u00e9rmino del encuentro ocurrido, este jueves, con el titular de Comercio, Marcelo Garc\u00eda en donde los oferentes y artesanos deber\u00e1n instalarse respetando el orden, los espacios asignados y observando la limpieza.<\/p>\n\n\n\n<p>Detall\u00f3 que el di\u00e1logo ocurri\u00f3 por una convocatoria que gir\u00f3 el municipio regiomontano luego de que los oferentes interpusieron juicios de Amparo para no ser desalojados de los espacios que tienen asignados en las inmediaciones de la Macroplaza y, sobre todo, que cesara el hostigamiento de los inspectores<\/p>\n\n\n\n<p>Por ahora, los oferentes continuar\u00e1n instal\u00e1ndose en los fines de semana. \u201cNosotros propusimos que el gobierno de la Ciudad conceda que los artesanos y comerciantes puedan operar la mayor parte de la semana con el fin de que obtengan ingresos suficientes para sus familias,\u201d dijo Serna Serv\u00edn.<\/p>\n\n\n\n<p>Confiamos en que los compa\u00f1eros puedan operar de jueves a domingo \u2013por lo menos-, afirm\u00f3 el vocero al se\u00f1alar que ello podr\u00eda ocurrir posteriormente, durante el di\u00e1logo continuado que habr\u00e1 con el titular de Comercio.<\/p>\n\n\n\n<p>Asimismo, Serna Serv\u00edn coment\u00f3 que los oferentes son libres de buscar una representaci\u00f3n de sus intereses, en donde la CROC \u2013por ejemplo- funciona como sindicato amparado en la Constituci\u00f3n General de la Rep\u00fablica.<\/p>\n\n\n\n<p>Es decir, abund\u00f3, nadie puede denegar el Derecho de Asociaci\u00f3n que rige en nuestro pa\u00eds, en donde la CROC tiene una trayectoria de casi ochenta a\u00f1os funcionando como instituci\u00f3n sindical.<\/p>\n","protected":false},"excerpt":{"rendered":"<p>Los artesanos y oferentes volver\u00e1n a trabajar libres de las presiones de los inspectores, como un primer resultado de la mesa de di\u00e1logo entre la direcci\u00f3n de Comercio y Osvaldo Serna Serv\u00edn, representante de los comerciantes. Lo anterior inform\u00f3 Osvaldo Serna al t\u00e9rmino del encuentro ocurrido, este jueves, con el titular de Comercio, Marcelo Garc\u00eda [&hellip;]<\/p>\n","protected":false},"author":1,"featured_media":133381,"comment_status":"open","ping_status":"open","sticky":true,"template":"","format":"standard","meta":{"footnotes":""},"categories":[14,6],"tags":[],"_links":{"self":[{"href":"https:\/\/diariodigitalmx.com\/index.php\/wp-json\/wp\/v2\/posts\/133361"}],"collection":[{"href":"https:\/\/diariodigitalmx.com\/index.php\/wp-json\/wp\/v2\/posts"}],"about":[{"href":"https:\/\/diariodigitalmx.com\/index.php\/wp-json\/wp\/v2\/types\/post"}],"author":[{"embeddable":true,"href":"https:\/\/diariodigitalmx.com\/index.php\/wp-json\/wp\/v2\/users\/1"}],"replies":[{"embeddable":true,"href":"https:\/\/diariodigitalmx.com\/index.php\/wp-json\/wp\/v2\/comments?post=133361"}],"version-history":[{"count":1,"href":"https:\/\/diariodigitalmx.com\/index.php\/wp-json\/wp\/v2\/posts\/133361\/revisions"}],"predecessor-version":[{"id":133362,"href":"https:\/\/diariodigitalmx.com\/index.php\/wp-json\/wp\/v2\/posts\/133361\/revisions\/133362"}],"wp:featuredmedia":[{"embeddable":true,"href":"https:\/\/diariodigitalmx.com\/index.php\/wp-json\/wp\/v2\/media\/133381"}],"wp:attachment":[{"href":"https:\/\/diariodigitalmx.com\/index.php\/wp-json\/wp\/v2\/media?parent=133361"}],"wp:term":[{"taxonomy":"category","embeddable":true,"href":"https:\/\/diariodigitalmx.com\/index.php\/wp-json\/wp\/v2\/categories?post=133361"},{"taxonomy":"post_tag","embeddable":true,"href":"https:\/\/diariodigitalmx.com\/index.php\/wp-json\/wp\/v2\/tags?post=133361"}],"curies":[{"name":"wp","href":"https:\/\/api.w.org\/{rel}","templated":true}]}}