{"id":133422,"date":"2025-04-06T15:40:20","date_gmt":"2025-04-06T21:40:20","guid":{"rendered":"https:\/\/diariodigitalmx.com\/?p=133422"},"modified":"2025-04-06T16:29:01","modified_gmt":"2025-04-06T22:29:01","slug":"tamaulipas-presente-en-clase-nacional-de-boxeo-por-la-paz-y-contra-las-adicciones","status":"publish","type":"post","link":"https:\/\/diariodigitalmx.com\/index.php\/2025\/04\/06\/tamaulipas-presente-en-clase-nacional-de-boxeo-por-la-paz-y-contra-las-adicciones\/","title":{"rendered":"Tamaulipas presente en Clase Nacional de Boxeo &#8220;Por la paz y contra las adicciones&#8221;"},"content":{"rendered":"\n<p>-Gobernador Am\u00e9rico Villarreal Anaya y la presidenta del DIF Tamaulipas, Mar\u00eda de Villarreal, encabezaron el evento que se realiz\u00f3 por iniciativa de la presidenta Claudia Sheinbaum&nbsp;<\/p>\n\n\n\n<p>Ciudad Victoria, Tamaulipas. &#8211; Tamaulipas se sum\u00f3 con \u00e9xito a la Clase Nacional de Boxeo &#8220;Por la paz y contra las adicciones\u201d, con una participaci\u00f3n multitudinaria encabezada por el gobernador Am\u00e9rico Villarreal Anaya y la presidenta del DIF Estatal, Mar\u00eda de Villarreal, siguiendo en todo momento el evento presidido por la presidenta Claudia Sheinbaum, en el Z\u00f3calo de la Ciudad de M\u00e9xico.<\/p>\n\n\n\n<p>Desde el emblem\u00e1tico estadio Marte R. G\u00f3mez, en la capital del estado, el gobernador estuvo al frente de miles de tamaulipecos y tamaulipecas que, desde las plazas p\u00fablicas del estado, se sumaron simult\u00e1neamente mediante la activaci\u00f3n f\u00edsica y la promoci\u00f3n del deporte para respaldar la campa\u00f1a nacional.<\/p>\n\n\n\n<figure class=\"wp-block-gallery has-nested-images columns-default is-cropped wp-block-gallery-1 is-layout-flex wp-block-gallery-is-layout-flex\">\n<figure class=\"wp-block-image size-large\"><img loading=\"lazy\" decoding=\"async\" width=\"1024\" height=\"683\" data-id=\"133452\" src=\"https:\/\/diariodigitalmx.com\/wp-content\/uploads\/2025\/04\/IMG-20250406-WA0075-1024x683.jpg\" alt=\"\" class=\"wp-image-133452\" srcset=\"https:\/\/diariodigitalmx.com\/wp-content\/uploads\/2025\/04\/IMG-20250406-WA0075-1024x683.jpg 1024w, https:\/\/diariodigitalmx.com\/wp-content\/uploads\/2025\/04\/IMG-20250406-WA0075-300x200.jpg 300w, https:\/\/diariodigitalmx.com\/wp-content\/uploads\/2025\/04\/IMG-20250406-WA0075-768x512.jpg 768w, https:\/\/diariodigitalmx.com\/wp-content\/uploads\/2025\/04\/IMG-20250406-WA0075-1536x1024.jpg 1536w, https:\/\/diariodigitalmx.com\/wp-content\/uploads\/2025\/04\/IMG-20250406-WA0075.jpg 1600w\" sizes=\"(max-width: 1024px) 100vw, 1024px\" \/><\/figure>\n\n\n\n<figure class=\"wp-block-image size-large\"><img loading=\"lazy\" decoding=\"async\" width=\"1024\" height=\"683\" data-id=\"133451\" src=\"https:\/\/diariodigitalmx.com\/wp-content\/uploads\/2025\/04\/IMG-20250406-WA0074-1024x683.jpg\" alt=\"\" class=\"wp-image-133451\" srcset=\"https:\/\/diariodigitalmx.com\/wp-content\/uploads\/2025\/04\/IMG-20250406-WA0074-1024x683.jpg 1024w, https:\/\/diariodigitalmx.com\/wp-content\/uploads\/2025\/04\/IMG-20250406-WA0074-300x200.jpg 300w, https:\/\/diariodigitalmx.com\/wp-content\/uploads\/2025\/04\/IMG-20250406-WA0074-768x512.jpg 768w, https:\/\/diariodigitalmx.com\/wp-content\/uploads\/2025\/04\/IMG-20250406-WA0074-1536x1024.jpg 1536w, https:\/\/diariodigitalmx.com\/wp-content\/uploads\/2025\/04\/IMG-20250406-WA0074.jpg 1600w\" sizes=\"(max-width: 1024px) 100vw, 1024px\" \/><\/figure>\n<\/figure>\n\n\n\n<p>Acompa\u00f1ado por las y los integrantes de la selecci\u00f3n tamaulipeca de boxeo,&nbsp; que recientemente brillaron en el Macro Regional de Tijuana, adem\u00e1s de atletas,&nbsp; las y los secretarios e integrantes de su gabinete, y estudiantes,&nbsp; el mandatario tamaulipeco realiz\u00f3 todas las rutinas y se ejercit\u00f3 al igual que las y los asistentes, siguiendo a las leyendas del boxeo que dieron c\u00e1tedra desde el Z\u00f3calo de la Ciudad de M\u00e9xico.<\/p>\n\n\n\n<p>Antes de iniciar la sesi\u00f3n box\u00edstica, todas y todos los presentes escucharon a la presidenta Claudia Sheinbaum, quien expres\u00f3 que esta clase de boxeo es un mensaje a todo M\u00e9xico y a todo el mundo.<\/p>\n\n\n\n<figure class=\"wp-block-image size-large\"><img loading=\"lazy\" decoding=\"async\" width=\"1024\" height=\"683\" src=\"https:\/\/diariodigitalmx.com\/wp-content\/uploads\/2025\/04\/IMG-20250406-WA0073-1024x683.jpg\" alt=\"\" class=\"wp-image-133453\" srcset=\"https:\/\/diariodigitalmx.com\/wp-content\/uploads\/2025\/04\/IMG-20250406-WA0073-1024x683.jpg 1024w, https:\/\/diariodigitalmx.com\/wp-content\/uploads\/2025\/04\/IMG-20250406-WA0073-300x200.jpg 300w, https:\/\/diariodigitalmx.com\/wp-content\/uploads\/2025\/04\/IMG-20250406-WA0073-768x512.jpg 768w, https:\/\/diariodigitalmx.com\/wp-content\/uploads\/2025\/04\/IMG-20250406-WA0073-1536x1024.jpg 1536w, https:\/\/diariodigitalmx.com\/wp-content\/uploads\/2025\/04\/IMG-20250406-WA0073.jpg 1600w\" sizes=\"(max-width: 1024px) 100vw, 1024px\" \/><\/figure>\n\n\n\n<p>\u201cEn M\u00e9xico construimos paz, prosperidad y elegimos siempre ser un pa\u00eds libre, independiente y soberano\u201d, dijo.<\/p>\n\n\n\n<p>\u201cLas y los mexicanos tenemos esp\u00edritu valiente, libre y de justicia. Somos un pueblo solidario y fraterno. No dejamos nunca a nadie atr\u00e1s\u201d, agreg\u00f3.<\/p>\n\n\n\n<p>Sheinbaum Pardo afirm\u00f3 que la juventud mexicana dice no a la violencia, no a las adicciones.<\/p>\n\n\n\n<p>\u201cEl pueblo de M\u00e9xico dice s\u00ed a la educaci\u00f3n, s\u00ed al deporte, s\u00ed a la paz, s\u00ed al amor\u201d, puntualiz\u00f3.<\/p>\n","protected":false},"excerpt":{"rendered":"<p>-Gobernador Am\u00e9rico Villarreal Anaya y la presidenta del DIF Tamaulipas, Mar\u00eda de Villarreal, encabezaron el evento que se realiz\u00f3 por iniciativa de la presidenta Claudia Sheinbaum&nbsp; Ciudad Victoria, Tamaulipas. &#8211; Tamaulipas se sum\u00f3 con \u00e9xito a la Clase Nacional de Boxeo &#8220;Por la paz y contra las adicciones\u201d, con una participaci\u00f3n multitudinaria encabezada por el [&hellip;]<\/p>\n","protected":false},"author":1,"featured_media":133449,"comment_status":"open","ping_status":"open","sticky":true,"template":"","format":"standard","meta":{"footnotes":""},"categories":[14,19],"tags":[],"_links":{"self":[{"href":"https:\/\/diariodigitalmx.com\/index.php\/wp-json\/wp\/v2\/posts\/133422"}],"collection":[{"href":"https:\/\/diariodigitalmx.com\/index.php\/wp-json\/wp\/v2\/posts"}],"about":[{"href":"https:\/\/diariodigitalmx.com\/index.php\/wp-json\/wp\/v2\/types\/post"}],"author":[{"embeddable":true,"href":"https:\/\/diariodigitalmx.com\/index.php\/wp-json\/wp\/v2\/users\/1"}],"replies":[{"embeddable":true,"href":"https:\/\/diariodigitalmx.com\/index.php\/wp-json\/wp\/v2\/comments?post=133422"}],"version-history":[{"count":2,"href":"https:\/\/diariodigitalmx.com\/index.php\/wp-json\/wp\/v2\/posts\/133422\/revisions"}],"predecessor-version":[{"id":133454,"href":"https:\/\/diariodigitalmx.com\/index.php\/wp-json\/wp\/v2\/posts\/133422\/revisions\/133454"}],"wp:featuredmedia":[{"embeddable":true,"href":"https:\/\/diariodigitalmx.com\/index.php\/wp-json\/wp\/v2\/media\/133449"}],"wp:attachment":[{"href":"https:\/\/diariodigitalmx.com\/index.php\/wp-json\/wp\/v2\/media?parent=133422"}],"wp:term":[{"taxonomy":"category","embeddable":true,"href":"https:\/\/diariodigitalmx.com\/index.php\/wp-json\/wp\/v2\/categories?post=133422"},{"taxonomy":"post_tag","embeddable":true,"href":"https:\/\/diariodigitalmx.com\/index.php\/wp-json\/wp\/v2\/tags?post=133422"}],"curies":[{"name":"wp","href":"https:\/\/api.w.org\/{rel}","templated":true}]}}