{"id":133430,"date":"2025-04-06T15:52:41","date_gmt":"2025-04-06T21:52:41","guid":{"rendered":"https:\/\/diariodigitalmx.com\/?p=133430"},"modified":"2025-04-06T16:22:31","modified_gmt":"2025-04-06T22:22:31","slug":"impulsa-caintra-en-nl-programa-de-tutorias-de-alianza-empresarial-por-la-educacion-tecnica","status":"publish","type":"post","link":"https:\/\/diariodigitalmx.com\/index.php\/2025\/04\/06\/impulsa-caintra-en-nl-programa-de-tutorias-de-alianza-empresarial-por-la-educacion-tecnica\/","title":{"rendered":"Impulsa Caintra en NL, Programa de Tutor\u00edas de Alianza Empresarial por la Educaci\u00f3n T\u00e9cnica"},"content":{"rendered":"\n<p>El aumento de la inversi\u00f3n tanto de empresas que ya se encuentran en M\u00e9xico, como aquellas que inician operaciones en nuestro pa\u00eds incrementa la necesidad de contar con t\u00e9cnicos especializados para de esta manera; mantener altos est\u00e1ndares de productividad y competitividad.<\/p>\n\n\n\n<p>Como una respuesta al requerimiento de formar j\u00f3venes t\u00e9cnicos que cubran la demanda de talento especializado en los sectores clave de la industria de Nuevo Le\u00f3n, en CAINTRA impulsamos el Programa de Tutor\u00edas dentro de la Alianza Empresarial; donde los j\u00f3venes estudiantes son beneficiados con una beca que cubre sus colegiaturas adem\u00e1s de una preparaci\u00f3n encaminada a mejorar sus habilidades blandas y socioemocionales a trav\u00e9s de talleres de desarrollo personal para que puedan formar un plan de vida y carrera efectivo.<\/p>\n\n\n\n<figure class=\"wp-block-image size-large\"><img loading=\"lazy\" decoding=\"async\" width=\"1024\" height=\"594\" src=\"https:\/\/diariodigitalmx.com\/wp-content\/uploads\/2025\/04\/Programa-de-Tutorias-Alianza-Empresarial-2-1024x594.jpeg\" alt=\"\" class=\"wp-image-133446\" srcset=\"https:\/\/diariodigitalmx.com\/wp-content\/uploads\/2025\/04\/Programa-de-Tutorias-Alianza-Empresarial-2-1024x594.jpeg 1024w, https:\/\/diariodigitalmx.com\/wp-content\/uploads\/2025\/04\/Programa-de-Tutorias-Alianza-Empresarial-2-300x174.jpeg 300w, https:\/\/diariodigitalmx.com\/wp-content\/uploads\/2025\/04\/Programa-de-Tutorias-Alianza-Empresarial-2-768x445.jpeg 768w, https:\/\/diariodigitalmx.com\/wp-content\/uploads\/2025\/04\/Programa-de-Tutorias-Alianza-Empresarial-2-1536x891.jpeg 1536w, https:\/\/diariodigitalmx.com\/wp-content\/uploads\/2025\/04\/Programa-de-Tutorias-Alianza-Empresarial-2.jpeg 1600w\" sizes=\"(max-width: 1024px) 100vw, 1024px\" \/><\/figure>\n\n\n\n<p>Un total de 70 j\u00f3venes beneficiados por la Alianza Empresarial concluyeron su Programa de Tutor\u00edas en el cual recibieron acompa\u00f1amiento de 70 voluntarios empresarios y colaboradores de nuestras industrias aliadas, quienes a lo largo de ocho sesiones sabatinas fungieron como gu\u00edas de los estudiantes; interviniendo en el desarrollo integral de los estudiantes adem\u00e1s de promover el voluntariado empresarial entre la comunidad industrial.<\/p>\n\n\n\n<p>Desde el inicio de este programa en el a\u00f1o 2003, la Alianza Empresarial por la Educaci\u00f3n T\u00e9cnica ha beneficiado a m\u00e1s de 700 estudiantes de carreras t\u00e9cnicas con esta iniciativa gracias a la cual se ha logrado reducir la deserci\u00f3n escolar, adem\u00e1s de promover la equidad de g\u00e9nero y facilitar la capacitaci\u00f3n para el primer empleo.<\/p>\n","protected":false},"excerpt":{"rendered":"<p>El aumento de la inversi\u00f3n tanto de empresas que ya se encuentran en M\u00e9xico, como aquellas que inician operaciones en nuestro pa\u00eds incrementa la necesidad de contar con t\u00e9cnicos especializados para de esta manera; mantener altos est\u00e1ndares de productividad y competitividad. Como una respuesta al requerimiento de formar j\u00f3venes t\u00e9cnicos que cubran la demanda de [&hellip;]<\/p>\n","protected":false},"author":1,"featured_media":133444,"comment_status":"open","ping_status":"open","sticky":true,"template":"","format":"standard","meta":{"footnotes":""},"categories":[10],"tags":[],"_links":{"self":[{"href":"https:\/\/diariodigitalmx.com\/index.php\/wp-json\/wp\/v2\/posts\/133430"}],"collection":[{"href":"https:\/\/diariodigitalmx.com\/index.php\/wp-json\/wp\/v2\/posts"}],"about":[{"href":"https:\/\/diariodigitalmx.com\/index.php\/wp-json\/wp\/v2\/types\/post"}],"author":[{"embeddable":true,"href":"https:\/\/diariodigitalmx.com\/index.php\/wp-json\/wp\/v2\/users\/1"}],"replies":[{"embeddable":true,"href":"https:\/\/diariodigitalmx.com\/index.php\/wp-json\/wp\/v2\/comments?post=133430"}],"version-history":[{"count":2,"href":"https:\/\/diariodigitalmx.com\/index.php\/wp-json\/wp\/v2\/posts\/133430\/revisions"}],"predecessor-version":[{"id":133447,"href":"https:\/\/diariodigitalmx.com\/index.php\/wp-json\/wp\/v2\/posts\/133430\/revisions\/133447"}],"wp:featuredmedia":[{"embeddable":true,"href":"https:\/\/diariodigitalmx.com\/index.php\/wp-json\/wp\/v2\/media\/133444"}],"wp:attachment":[{"href":"https:\/\/diariodigitalmx.com\/index.php\/wp-json\/wp\/v2\/media?parent=133430"}],"wp:term":[{"taxonomy":"category","embeddable":true,"href":"https:\/\/diariodigitalmx.com\/index.php\/wp-json\/wp\/v2\/categories?post=133430"},{"taxonomy":"post_tag","embeddable":true,"href":"https:\/\/diariodigitalmx.com\/index.php\/wp-json\/wp\/v2\/tags?post=133430"}],"curies":[{"name":"wp","href":"https:\/\/api.w.org\/{rel}","templated":true}]}}