{"id":133645,"date":"2025-04-09T23:17:22","date_gmt":"2025-04-10T05:17:22","guid":{"rendered":"https:\/\/diariodigitalmx.com\/?p=133645"},"modified":"2025-04-09T23:49:41","modified_gmt":"2025-04-10T05:49:41","slug":"rendira-congreso-del-estado-homenaje-a-la-periodista-maria-julia-lafuente","status":"publish","type":"post","link":"https:\/\/diariodigitalmx.com\/index.php\/2025\/04\/09\/rendira-congreso-del-estado-homenaje-a-la-periodista-maria-julia-lafuente\/","title":{"rendered":"Rendir\u00e1 Congreso del Estado homenaje a la periodista Mar\u00eda Julia Lafuente"},"content":{"rendered":"\n<p>El Congreso del Estado acord\u00f3 realizar un espacio solmene, en una de&nbsp; sus pr\u00f3xima sesiones, para reconocer la trayectoria period\u00edstica de la conductora de televisi\u00f3n y radio, &nbsp;Mar\u00eda Julia Lafuente Salinas.<\/p>\n\n\n\n<p>A&nbsp; propuesta de Claudia Caballero Ch\u00e1vez, diputada del Partido Acci\u00f3n Nacional, se har\u00e1 el homenaje a la titular del Telediario del medio d\u00eda que se trasmite por el Canal del 6 de Monterrey, del grupo Multimedios.<\/p>\n\n\n\n<p>Record\u00f3 que la trayectoria de Mar\u00eda Julia Lafuente Salinas en los medios masivos de comunicaci\u00f3n inici\u00f3 en 1975&nbsp; en la XEFB radio en el programa Pulso de la Ciudad, que conduc\u00edan los periodistas Horacio Alvarado Ortiz y su hijo Eduardo Alvarado Ginesi.<\/p>\n\n\n\n<p>\u201cAunque en esos tiempos no exist\u00edan las herramientas tecnol\u00f3gicas que hoy conocemos dentro de la comunicaci\u00f3n como el teleprompter, la licenciada Mar\u00eda Julia Lafuente siempre se mostr\u00f3 como una profesional de la comunicaci\u00f3n, aprendiendo de memoria cada l\u00ednea, mostrando su mayor esfuerzo para que toda su audiencia conociera a detalle cada una de las noticias.<\/p>\n\n\n\n<p>\u201cPosteriormente, en 1976, inici\u00f3 en Grupo Radio Alegr\u00eda con La Verdad en las Noticias, cada hora;&nbsp; sin embargo, fue en el a\u00f1o de 1977 a invitaci\u00f3n de don Francisco Antonio Gonz\u00e1lez S\u00e1nchez, cuando tom\u00f3 la decisi\u00f3n m\u00e1s trascendental de su vida que la llevar\u00eda a ser la periodista que hoy es en el estado de Nuevo Le\u00f3n y en todo M\u00e9xico al integrarse a la Organizaci\u00f3n Estrellas de Oro, hoy Multimedios\u201d.<\/p>\n\n\n\n<p>Caballero Ch\u00e1vez mencion\u00f3 que Lafuente Salinas es una &nbsp;gran periodista que d\u00eda a d\u00eda pone en alto la labor de la comunicaci\u00f3n en Nuevo Le\u00f3n y en M\u00e9xico con su peculiar estilo para conducir, que le ha permitido estar por d\u00e9cadas en las pantallas de la televisi\u00f3n regiomontana.<\/p>\n","protected":false},"excerpt":{"rendered":"<p>El Congreso del Estado acord\u00f3 realizar un espacio solmene, en una de&nbsp; sus pr\u00f3xima sesiones, para reconocer la trayectoria period\u00edstica de la conductora de televisi\u00f3n y radio, &nbsp;Mar\u00eda Julia Lafuente Salinas. A&nbsp; propuesta de Claudia Caballero Ch\u00e1vez, diputada del Partido Acci\u00f3n Nacional, se har\u00e1 el homenaje a la titular del Telediario del medio d\u00eda que [&hellip;]<\/p>\n","protected":false},"author":1,"featured_media":133659,"comment_status":"open","ping_status":"open","sticky":true,"template":"","format":"standard","meta":{"footnotes":""},"categories":[6],"tags":[],"_links":{"self":[{"href":"https:\/\/diariodigitalmx.com\/index.php\/wp-json\/wp\/v2\/posts\/133645"}],"collection":[{"href":"https:\/\/diariodigitalmx.com\/index.php\/wp-json\/wp\/v2\/posts"}],"about":[{"href":"https:\/\/diariodigitalmx.com\/index.php\/wp-json\/wp\/v2\/types\/post"}],"author":[{"embeddable":true,"href":"https:\/\/diariodigitalmx.com\/index.php\/wp-json\/wp\/v2\/users\/1"}],"replies":[{"embeddable":true,"href":"https:\/\/diariodigitalmx.com\/index.php\/wp-json\/wp\/v2\/comments?post=133645"}],"version-history":[{"count":1,"href":"https:\/\/diariodigitalmx.com\/index.php\/wp-json\/wp\/v2\/posts\/133645\/revisions"}],"predecessor-version":[{"id":133646,"href":"https:\/\/diariodigitalmx.com\/index.php\/wp-json\/wp\/v2\/posts\/133645\/revisions\/133646"}],"wp:featuredmedia":[{"embeddable":true,"href":"https:\/\/diariodigitalmx.com\/index.php\/wp-json\/wp\/v2\/media\/133659"}],"wp:attachment":[{"href":"https:\/\/diariodigitalmx.com\/index.php\/wp-json\/wp\/v2\/media?parent=133645"}],"wp:term":[{"taxonomy":"category","embeddable":true,"href":"https:\/\/diariodigitalmx.com\/index.php\/wp-json\/wp\/v2\/categories?post=133645"},{"taxonomy":"post_tag","embeddable":true,"href":"https:\/\/diariodigitalmx.com\/index.php\/wp-json\/wp\/v2\/tags?post=133645"}],"curies":[{"name":"wp","href":"https:\/\/api.w.org\/{rel}","templated":true}]}}