{"id":133647,"date":"2025-04-09T23:18:59","date_gmt":"2025-04-10T05:18:59","guid":{"rendered":"https:\/\/diariodigitalmx.com\/?p=133647"},"modified":"2025-04-09T23:30:49","modified_gmt":"2025-04-10T05:30:49","slug":"enterate-a-quien-quiere-castrar-mc","status":"publish","type":"post","link":"https:\/\/diariodigitalmx.com\/index.php\/2025\/04\/09\/enterate-a-quien-quiere-castrar-mc\/","title":{"rendered":"Ent\u00e9rate a quien quiere castrar MC"},"content":{"rendered":"\n<p>Monterrey.\u2013 La bancada de Movimiento Ciudadano en el Congreso del Estado present\u00f3 una iniciativa que busca que se aplique la castraci\u00f3n qu\u00edmica a los agresores sexuales de menores de edad, esto adicional a los a\u00f1os de c\u00e1rcel a los que sean acreedores. <\/p>\n\n\n\n<p>La iniciativa de reforma al C\u00f3digo Penal del Estado, la propuso\u00a0 el coordinador de la bancada, Miguel \u00c1. Flores Serna y la diputada Paola Linares y busca implementar un tratamiento integral de car\u00e1cter farmacol\u00f3gico, psicol\u00f3gico o psiqui\u00e1trico para los agresores sexuales.<\/p>\n\n\n\n<p>De acuerdo con cifras del Secretariado Ejecutivo del Sistema Nacional de Seguridad P\u00fablica, en los primeros nueve meses de 2024 se registraron m\u00e1s de 64 mil delitos sexuales en M\u00e9xico. \u201cLos n\u00fameros reflejan una realidad que no podemos seguir ignorando. <\/p>\n\n\n\n<p>Esta iniciativa busca incluir en el C\u00f3digo Penal la castraci\u00f3n qu\u00edmica, una medida que ya ha sido implementada en otros pa\u00edses con resultados positivos en la reducci\u00f3n de delitos sexuales contra menores\u201d.<\/p>\n\n\n\n<p>\u201cEn Nuevo Le\u00f3n, los abusadores sexuales no son bienvenidos. El mensaje es claro: quien se meta con los ni\u00f1os, lo va a pagar, y lo va a pagar muy caro\u201d, afirm\u00f3 el coordinador Miguel \u00c1. Flores Serna. <\/p>\n\n\n\n<p>Cabe se\u00f1alar que esta propuesta no vulnera los derechos humanos ni la integridad f\u00edsica de los sentenciados, ya que est\u00e1 orientada a la reinserci\u00f3n social. <\/p>\n\n\n\n<p>Adem\u00e1s, se toma como referencia la experiencia de pa\u00edses como Estados Unidos, Espa\u00f1a y el Reino Unido, donde este tipo de tratamientos han mostrado eficacia como medida preventiva, explic\u00f3 el legislador. La propuesta contempla reformas a los art\u00edculos 86, 91 y 97, as\u00ed como la adici\u00f3n del art\u00edculo 269 Bis al C\u00f3digo Penal estatal.<\/p>\n","protected":false},"excerpt":{"rendered":"<p>Monterrey.\u2013 La bancada de Movimiento Ciudadano en el Congreso del Estado present\u00f3 una iniciativa que busca que se aplique la castraci\u00f3n qu\u00edmica a los agresores sexuales de menores de edad, esto adicional a los a\u00f1os de c\u00e1rcel a los que sean acreedores. La iniciativa de reforma al C\u00f3digo Penal del Estado, la propuso\u00a0 el coordinador [&hellip;]<\/p>\n","protected":false},"author":1,"featured_media":133654,"comment_status":"open","ping_status":"open","sticky":true,"template":"","format":"standard","meta":{"footnotes":""},"categories":[6,3,5],"tags":[],"_links":{"self":[{"href":"https:\/\/diariodigitalmx.com\/index.php\/wp-json\/wp\/v2\/posts\/133647"}],"collection":[{"href":"https:\/\/diariodigitalmx.com\/index.php\/wp-json\/wp\/v2\/posts"}],"about":[{"href":"https:\/\/diariodigitalmx.com\/index.php\/wp-json\/wp\/v2\/types\/post"}],"author":[{"embeddable":true,"href":"https:\/\/diariodigitalmx.com\/index.php\/wp-json\/wp\/v2\/users\/1"}],"replies":[{"embeddable":true,"href":"https:\/\/diariodigitalmx.com\/index.php\/wp-json\/wp\/v2\/comments?post=133647"}],"version-history":[{"count":1,"href":"https:\/\/diariodigitalmx.com\/index.php\/wp-json\/wp\/v2\/posts\/133647\/revisions"}],"predecessor-version":[{"id":133648,"href":"https:\/\/diariodigitalmx.com\/index.php\/wp-json\/wp\/v2\/posts\/133647\/revisions\/133648"}],"wp:featuredmedia":[{"embeddable":true,"href":"https:\/\/diariodigitalmx.com\/index.php\/wp-json\/wp\/v2\/media\/133654"}],"wp:attachment":[{"href":"https:\/\/diariodigitalmx.com\/index.php\/wp-json\/wp\/v2\/media?parent=133647"}],"wp:term":[{"taxonomy":"category","embeddable":true,"href":"https:\/\/diariodigitalmx.com\/index.php\/wp-json\/wp\/v2\/categories?post=133647"},{"taxonomy":"post_tag","embeddable":true,"href":"https:\/\/diariodigitalmx.com\/index.php\/wp-json\/wp\/v2\/tags?post=133647"}],"curies":[{"name":"wp","href":"https:\/\/api.w.org\/{rel}","templated":true}]}}