{"id":133708,"date":"2025-04-10T21:25:20","date_gmt":"2025-04-11T03:25:20","guid":{"rendered":"https:\/\/diariodigitalmx.com\/?p=133708"},"modified":"2025-04-10T21:41:15","modified_gmt":"2025-04-11T03:41:15","slug":"133708","status":"publish","type":"post","link":"https:\/\/diariodigitalmx.com\/index.php\/2025\/04\/10\/133708\/","title":{"rendered":"En Escobedo sigue el apoyo a estudiantes; llega Becarios de la Transformaci\u00f3n a CECyTE"},"content":{"rendered":"\n<p>El Municipio de Escobedo contin\u00faa trabajando para apoyar a los j\u00f3venes y<br>y ahora, los estudiantes del Colegio de Estudios Cient\u00edficos y Tecnol\u00f3gicos (CECyTE) No. 1 se vieron beneficiados con \u201cBecarios de la Transformaci\u00f3n\u201d, beca con la que podr\u00e1n continuar sus metas.<br>El Alcalde Andr\u00e9s Mijes junto a Martina Salazar, Directora del CECyTE No. 1 entregaron las becas que ayudar\u00e1n a los j\u00f3venes a seguir con sus estudios.<\/p>\n\n\n\n<figure class=\"wp-block-image size-large\"><img loading=\"lazy\" decoding=\"async\" width=\"1024\" height=\"643\" src=\"https:\/\/diariodigitalmx.com\/wp-content\/uploads\/2025\/04\/5170464004282363788-1024x643.jpg\" alt=\"\" class=\"wp-image-133714\" srcset=\"https:\/\/diariodigitalmx.com\/wp-content\/uploads\/2025\/04\/5170464004282363788-1024x643.jpg 1024w, https:\/\/diariodigitalmx.com\/wp-content\/uploads\/2025\/04\/5170464004282363788-300x188.jpg 300w, https:\/\/diariodigitalmx.com\/wp-content\/uploads\/2025\/04\/5170464004282363788-768x482.jpg 768w, https:\/\/diariodigitalmx.com\/wp-content\/uploads\/2025\/04\/5170464004282363788.jpg 1280w\" sizes=\"(max-width: 1024px) 100vw, 1024px\" \/><\/figure>\n\n\n\n<p><br>Ante padres de familia y estudiantes reunidos en el Teatro Fidel Vel\u00e1zquez, Mijes precis\u00f3 que \u201cBecarios de la Transformaci\u00f3n\u201d es posible gracias a los resultados de la 4T Norte\u00f1a que permiten que la prosperidad llegue a todos los rincones de Escobedo.<br>\u201cVengo a entregarles lo que les corresponde, a entregarles un reconocimiento a su esfuerzo y su dedicaci\u00f3n, a sus ganas de llegar lejos.\u201d<br>\u201cEstas becas no son un regalo, estas becas se est\u00e1n pegando con los recursos que generamos aqu\u00ed en Escobedo. No lo olviden, estas becas son suyas, son becas bien norte\u00f1as, son becas que los hace a ustedes parte de la transformaci\u00f3n\u201d, expres\u00f3 el Edil.<br>A trav\u00e9s de \u201cBecarios de la Transformaci\u00f3n\u201d el Municipio de Escobedo est\u00e1 apoyando a 6500 j\u00f3venes que cursan sus estudios de nivel medio superior, priorizando la educaci\u00f3n tal y como lo marca la Presidenta Claudia Sheinbaum en su Plan M\u00e9xico.<br>Por su parte, Brayan estudiante de esta instituci\u00f3n agradeci\u00f3 al Alcalde por el apoyo otorgado y asegur\u00f3 que la beca la destinar\u00e1n para seguir estudiando.<\/p>\n\n\n\n<figure class=\"wp-block-image size-large\"><img loading=\"lazy\" decoding=\"async\" width=\"1024\" height=\"765\" src=\"https:\/\/diariodigitalmx.com\/wp-content\/uploads\/2025\/04\/5170464004282363775-1024x765.jpg\" alt=\"\" class=\"wp-image-133716\" srcset=\"https:\/\/diariodigitalmx.com\/wp-content\/uploads\/2025\/04\/5170464004282363775-1024x765.jpg 1024w, https:\/\/diariodigitalmx.com\/wp-content\/uploads\/2025\/04\/5170464004282363775-300x224.jpg 300w, https:\/\/diariodigitalmx.com\/wp-content\/uploads\/2025\/04\/5170464004282363775-768x574.jpg 768w, https:\/\/diariodigitalmx.com\/wp-content\/uploads\/2025\/04\/5170464004282363775.jpg 1280w\" sizes=\"(max-width: 1024px) 100vw, 1024px\" \/><\/figure>\n\n\n\n<p>\u201cSe\u00f1or Alcalde no olvidaremos este gesto de generosidad que ha tenido con nosotros, cuente con nosotros ahora y siempre, as\u00ed como ahorita nos est\u00e1 apoyando, en su momento sabremos corresponderle en un futuro no muy lejano\u201d, mencion\u00f3 el estudiante del CECyTE.<\/p>\n\n\n\n<p>Gracias a las acciones implementadas por la 4T Norte\u00f1a, 6 mil 500 j\u00f3venes pueden realizar de forma completa el pago de la cuota interna, apoyo que se suma al esfuerzo que ha hecho el Gobierno Federal para que el ingreso familiar rinda m\u00e1s.<br>El Gobierno de Escobedo con este programa apoya de forma semestral a estudiantes de las Preparatorias 16 y 25 de la Universidad Aut\u00f3noma de Nuevo Le\u00f3n (UANL), la Preparatoria Emiliano Zapata, CBTIS No. 258 y ahora a los estudiantes del CECyTE No. 1.<\/p>\n","protected":false},"excerpt":{"rendered":"<p>El Municipio de Escobedo contin\u00faa trabajando para apoyar a los j\u00f3venes yy ahora, los estudiantes del Colegio de Estudios Cient\u00edficos y Tecnol\u00f3gicos (CECyTE) No. 1 se vieron beneficiados con \u201cBecarios de la Transformaci\u00f3n\u201d, beca con la que podr\u00e1n continuar sus metas.El Alcalde Andr\u00e9s Mijes junto a Martina Salazar, Directora del CECyTE No. 1 entregaron las [&hellip;]<\/p>\n","protected":false},"author":1,"featured_media":133712,"comment_status":"open","ping_status":"open","sticky":true,"template":"","format":"standard","meta":{"footnotes":""},"categories":[6],"tags":[],"_links":{"self":[{"href":"https:\/\/diariodigitalmx.com\/index.php\/wp-json\/wp\/v2\/posts\/133708"}],"collection":[{"href":"https:\/\/diariodigitalmx.com\/index.php\/wp-json\/wp\/v2\/posts"}],"about":[{"href":"https:\/\/diariodigitalmx.com\/index.php\/wp-json\/wp\/v2\/types\/post"}],"author":[{"embeddable":true,"href":"https:\/\/diariodigitalmx.com\/index.php\/wp-json\/wp\/v2\/users\/1"}],"replies":[{"embeddable":true,"href":"https:\/\/diariodigitalmx.com\/index.php\/wp-json\/wp\/v2\/comments?post=133708"}],"version-history":[{"count":4,"href":"https:\/\/diariodigitalmx.com\/index.php\/wp-json\/wp\/v2\/posts\/133708\/revisions"}],"predecessor-version":[{"id":133717,"href":"https:\/\/diariodigitalmx.com\/index.php\/wp-json\/wp\/v2\/posts\/133708\/revisions\/133717"}],"wp:featuredmedia":[{"embeddable":true,"href":"https:\/\/diariodigitalmx.com\/index.php\/wp-json\/wp\/v2\/media\/133712"}],"wp:attachment":[{"href":"https:\/\/diariodigitalmx.com\/index.php\/wp-json\/wp\/v2\/media?parent=133708"}],"wp:term":[{"taxonomy":"category","embeddable":true,"href":"https:\/\/diariodigitalmx.com\/index.php\/wp-json\/wp\/v2\/categories?post=133708"},{"taxonomy":"post_tag","embeddable":true,"href":"https:\/\/diariodigitalmx.com\/index.php\/wp-json\/wp\/v2\/tags?post=133708"}],"curies":[{"name":"wp","href":"https:\/\/api.w.org\/{rel}","templated":true}]}}