{"id":133761,"date":"2025-04-11T21:42:32","date_gmt":"2025-04-12T03:42:32","guid":{"rendered":"https:\/\/diariodigitalmx.com\/?p=133761"},"modified":"2025-04-11T21:58:34","modified_gmt":"2025-04-12T03:58:34","slug":"revolvedora-arrastra-autos-y-muere-su-chofer","status":"publish","type":"post","link":"https:\/\/diariodigitalmx.com\/index.php\/2025\/04\/11\/revolvedora-arrastra-autos-y-muere-su-chofer\/","title":{"rendered":"Revolvedora arrastra autos y muere su chofer"},"content":{"rendered":"\n<p>Monterrey. &#8211; Una persona muri\u00f3 y cinco veh\u00edculos estacionados resultaron afectados con el impacto al estrellarse contra ellos un cami\u00f3n revolvedora que se qued\u00f3 sin frenos en el municipio de Santa Catarina, al poniente de la zona metropolitana regiomontana.<\/p>\n\n\n\n<p>Tras quedarse sin frenos la unidad se volc\u00f3 en las instalaciones de un parque con el saldo del chofer muerto, adem\u00e1s de los da\u00f1os a los veh\u00edculos, a un poste de concreto y al cableado de la\u00a0<strong>Colonia Pedregal de la Huasteca,<\/strong>\u00a0en la calle Alberto Garc\u00eda Guzm\u00e1n y Prolongaci\u00f3n Constituci\u00f3n.<\/p>\n\n\n\n<figure class=\"wp-block-gallery has-nested-images columns-default is-cropped wp-block-gallery-1 is-layout-flex wp-block-gallery-is-layout-flex\">\n<figure class=\"wp-block-image size-large\"><img loading=\"lazy\" decoding=\"async\" width=\"720\" height=\"540\" data-id=\"133765\" src=\"https:\/\/diariodigitalmx.com\/wp-content\/uploads\/2025\/04\/FB_IMG_1744401893653.jpg\" alt=\"\" class=\"wp-image-133765\" srcset=\"https:\/\/diariodigitalmx.com\/wp-content\/uploads\/2025\/04\/FB_IMG_1744401893653.jpg 720w, https:\/\/diariodigitalmx.com\/wp-content\/uploads\/2025\/04\/FB_IMG_1744401893653-300x225.jpg 300w\" sizes=\"(max-width: 720px) 100vw, 720px\" \/><\/figure>\n\n\n\n<figure class=\"wp-block-image size-large\"><img loading=\"lazy\" decoding=\"async\" width=\"720\" height=\"540\" data-id=\"133766\" src=\"https:\/\/diariodigitalmx.com\/wp-content\/uploads\/2025\/04\/FB_IMG_1744401890922.jpg\" alt=\"\" class=\"wp-image-133766\" srcset=\"https:\/\/diariodigitalmx.com\/wp-content\/uploads\/2025\/04\/FB_IMG_1744401890922.jpg 720w, https:\/\/diariodigitalmx.com\/wp-content\/uploads\/2025\/04\/FB_IMG_1744401890922-300x225.jpg 300w\" sizes=\"(max-width: 720px) 100vw, 720px\" \/><\/figure>\n<\/figure>\n\n\n\n<p>Israel Contreras V\u00e1zquez, director de Protecci\u00f3n Civil de Santa Catarina, dijo que el cami\u00f3n revolvedora avanz\u00f3 unos 100 metros sin frenos, al bajar por la pendiente descendiente de Prolongaci\u00f3n Constituci\u00f3n, una calle que<br>desemboca frente a casas, por lo que el ch\u00f3fer alcanz\u00f3 a dar la vuelta a la calle Alberto Garc\u00eda Guzm\u00e1n.<br>Enseguida, se impact\u00f3 contra una camioneta Mazda y un Jeep, para despu\u00e9s tambi\u00e9n derribar el poste y cableado. Posteriormente choc\u00f3 otros tres autos estacionados, los cuales se llev\u00f3 arrastrando para caer junto con ellos al \u00e1rea desocupada de un parque.<br>El reporte se\u00f1ala que el cami\u00f3n dio varias volteretas antes de terminar sobre su lado izquierdo.<br>Personal de Protecci\u00f3n Civil encontr\u00f3 con vida al chofer, que fue identificado como Jos\u00e9 Luis Casta\u00f1eada, de 29 a\u00f1os, que estaba prensado, pero al rescatarlo tras varias maniobras falleci\u00f3.<br>En el lugar trabajaron en el rescate personal de PC Jaguares y Cruz Roja, quienes confirmaron la muerte del chofer y la unidad un veh\u00edculo tipo trompo revolvedora de concreto con el conductor bajo el mismo que muri\u00f3 aplastado y con golpes por el impacto.<\/p>\n\n\n\n<p>En junio del 2023, se registr\u00f3 un accidente en el mismo sitio con un cami\u00f3n de carga que, sin frenos, arrastr\u00f3 dos veh\u00edculos y tambi\u00e9n cay\u00f3 al parque.<\/p>\n\n\n\n<p>Santa Catarina es un municipio que ha tenido accidentes viales de veh\u00edculos sin frenos, luego de que, desde la carretera libre a Saltillo, han emprendido loca carrera sin poder parar para estrellarse en viviendas o veh\u00edculos.<\/p>\n\n\n\n<p>Por a\u00f1os los vecinos y las autoridades diversas han enfrentado un conflicto ante lo que , los residentes consideran un grave riesgo para su integridad, por lo que han exigido que se pongan medidas de seguridad en la carretera a Saltillo, sin embargo, no ha habido respuesta.<\/p>\n","protected":false},"excerpt":{"rendered":"<p>Monterrey. &#8211; Una persona muri\u00f3 y cinco veh\u00edculos estacionados resultaron afectados con el impacto al estrellarse contra ellos un cami\u00f3n revolvedora que se qued\u00f3 sin frenos en el municipio de Santa Catarina, al poniente de la zona metropolitana regiomontana. Tras quedarse sin frenos la unidad se volc\u00f3 en las instalaciones de un parque con el [&hellip;]<\/p>\n","protected":false},"author":1,"featured_media":133763,"comment_status":"open","ping_status":"open","sticky":true,"template":"","format":"standard","meta":{"footnotes":""},"categories":[3,5,7],"tags":[],"_links":{"self":[{"href":"https:\/\/diariodigitalmx.com\/index.php\/wp-json\/wp\/v2\/posts\/133761"}],"collection":[{"href":"https:\/\/diariodigitalmx.com\/index.php\/wp-json\/wp\/v2\/posts"}],"about":[{"href":"https:\/\/diariodigitalmx.com\/index.php\/wp-json\/wp\/v2\/types\/post"}],"author":[{"embeddable":true,"href":"https:\/\/diariodigitalmx.com\/index.php\/wp-json\/wp\/v2\/users\/1"}],"replies":[{"embeddable":true,"href":"https:\/\/diariodigitalmx.com\/index.php\/wp-json\/wp\/v2\/comments?post=133761"}],"version-history":[{"count":2,"href":"https:\/\/diariodigitalmx.com\/index.php\/wp-json\/wp\/v2\/posts\/133761\/revisions"}],"predecessor-version":[{"id":133767,"href":"https:\/\/diariodigitalmx.com\/index.php\/wp-json\/wp\/v2\/posts\/133761\/revisions\/133767"}],"wp:featuredmedia":[{"embeddable":true,"href":"https:\/\/diariodigitalmx.com\/index.php\/wp-json\/wp\/v2\/media\/133763"}],"wp:attachment":[{"href":"https:\/\/diariodigitalmx.com\/index.php\/wp-json\/wp\/v2\/media?parent=133761"}],"wp:term":[{"taxonomy":"category","embeddable":true,"href":"https:\/\/diariodigitalmx.com\/index.php\/wp-json\/wp\/v2\/categories?post=133761"},{"taxonomy":"post_tag","embeddable":true,"href":"https:\/\/diariodigitalmx.com\/index.php\/wp-json\/wp\/v2\/tags?post=133761"}],"curies":[{"name":"wp","href":"https:\/\/api.w.org\/{rel}","templated":true}]}}