{"id":133772,"date":"2025-04-13T17:39:47","date_gmt":"2025-04-13T23:39:47","guid":{"rendered":"https:\/\/diariodigitalmx.com\/?p=133772"},"modified":"2025-04-13T17:42:53","modified_gmt":"2025-04-13T23:42:53","slug":"destaca-escobedo-innovacion-educativa-ante-ciudades-de-aprendizaje-coreanas-y-latinas","status":"publish","type":"post","link":"https:\/\/diariodigitalmx.com\/index.php\/2025\/04\/13\/destaca-escobedo-innovacion-educativa-ante-ciudades-de-aprendizaje-coreanas-y-latinas\/","title":{"rendered":"Destaca Escobedo innovaci\u00f3n educativa ante ciudades de aprendizaje coreanas y latinas"},"content":{"rendered":"\n<p>El Municipio de Escobedo destac\u00f3 ante representantes de Ciudades de Aprendizaje de Latinoam\u00e9rica las pol\u00edticas p\u00fablicas que han ayudado a impulsar una educaci\u00f3n integral en la comunidad.<br>En representaci\u00f3n del Alcalde Andr\u00e9s Mijes, Hugo Espiricueta, Secretario de Cultura, Educaci\u00f3n y Recreaci\u00f3n Social, particip\u00f3 en la Reuni\u00f3n Anual de Ciudades del Aprendizaje, realizada en la capital de San Luis Potos\u00ed.<\/p>\n\n\n\n<figure class=\"wp-block-image size-large\"><img loading=\"lazy\" decoding=\"async\" width=\"1024\" height=\"682\" src=\"https:\/\/diariodigitalmx.com\/wp-content\/uploads\/2025\/04\/FOTO-3-1024x682.jpeg\" alt=\"\" class=\"wp-image-133776\" srcset=\"https:\/\/diariodigitalmx.com\/wp-content\/uploads\/2025\/04\/FOTO-3-1024x682.jpeg 1024w, https:\/\/diariodigitalmx.com\/wp-content\/uploads\/2025\/04\/FOTO-3-300x200.jpeg 300w, https:\/\/diariodigitalmx.com\/wp-content\/uploads\/2025\/04\/FOTO-3-768x512.jpeg 768w, https:\/\/diariodigitalmx.com\/wp-content\/uploads\/2025\/04\/FOTO-3.jpeg 1280w\" sizes=\"(max-width: 1024px) 100vw, 1024px\" \/><\/figure>\n\n\n\n<p>El Secretario de Cultura, Educaci\u00f3n y Recreaci\u00f3n Social explic\u00f3 que en este espacio organizado por la Red de Ciudades del Aprendizaje de M\u00e9xico y la UNESCO, se present\u00f3 &#8220;Becarios de la Transformaci\u00f3n&#8221;,<br>programa que apoya los j\u00f3venes para que cuenten con los recursos necesarios para seguir sus estudios.<br>Adem\u00e1s, se dio a conocer que, dentro de la innovaci\u00f3n que se est\u00e1 generando en Escobedo, se est\u00e1 construyendo la Escuela de Artes y Oficios que adem\u00e1s de dar herramientas a los ciudadanos para salir<br>adelante, se les ense\u00f1ar\u00e1 actividades acopladas a las necesidades actuales de la comunidad.<\/p>\n\n\n\n<figure class=\"wp-block-gallery has-nested-images columns-default is-cropped wp-block-gallery-1 is-layout-flex wp-block-gallery-is-layout-flex\">\n<figure class=\"wp-block-image size-large\"><img loading=\"lazy\" decoding=\"async\" width=\"1024\" height=\"768\" data-id=\"133778\" src=\"https:\/\/diariodigitalmx.com\/wp-content\/uploads\/2025\/04\/FOTO-5-1024x768.jpeg\" alt=\"\" class=\"wp-image-133778\" srcset=\"https:\/\/diariodigitalmx.com\/wp-content\/uploads\/2025\/04\/FOTO-5-1024x768.jpeg 1024w, https:\/\/diariodigitalmx.com\/wp-content\/uploads\/2025\/04\/FOTO-5-300x225.jpeg 300w, https:\/\/diariodigitalmx.com\/wp-content\/uploads\/2025\/04\/FOTO-5-768x576.jpeg 768w, https:\/\/diariodigitalmx.com\/wp-content\/uploads\/2025\/04\/FOTO-5-1536x1152.jpeg 1536w, https:\/\/diariodigitalmx.com\/wp-content\/uploads\/2025\/04\/FOTO-5.jpeg 1600w\" sizes=\"(max-width: 1024px) 100vw, 1024px\" \/><\/figure>\n\n\n\n<figure class=\"wp-block-image size-large\"><img loading=\"lazy\" decoding=\"async\" width=\"1024\" height=\"682\" data-id=\"133777\" src=\"https:\/\/diariodigitalmx.com\/wp-content\/uploads\/2025\/04\/FOTO-1-1024x682.jpeg\" alt=\"\" class=\"wp-image-133777\" srcset=\"https:\/\/diariodigitalmx.com\/wp-content\/uploads\/2025\/04\/FOTO-1-1024x682.jpeg 1024w, https:\/\/diariodigitalmx.com\/wp-content\/uploads\/2025\/04\/FOTO-1-300x200.jpeg 300w, https:\/\/diariodigitalmx.com\/wp-content\/uploads\/2025\/04\/FOTO-1-768x512.jpeg 768w, https:\/\/diariodigitalmx.com\/wp-content\/uploads\/2025\/04\/FOTO-1.jpeg 1280w\" sizes=\"(max-width: 1024px) 100vw, 1024px\" \/><\/figure>\n<\/figure>\n\n\n\n<p>En esta edici\u00f3n, participaron ciudades como Medell\u00edn (Colombia) y una delegaci\u00f3n de ocho alcald\u00edas de Corea del Sur, que compartieron sus modelos de espacios p\u00fablicos enfocados en el aprendizaje permanente, la innovaci\u00f3n social y la cohesi\u00f3n comunitaria.<\/p>\n\n\n\n<figure class=\"wp-block-image size-large\"><img loading=\"lazy\" decoding=\"async\" width=\"1024\" height=\"574\" src=\"https:\/\/diariodigitalmx.com\/wp-content\/uploads\/2025\/04\/FOTO-4-1024x574.jpeg\" alt=\"\" class=\"wp-image-133779\" srcset=\"https:\/\/diariodigitalmx.com\/wp-content\/uploads\/2025\/04\/FOTO-4-1024x574.jpeg 1024w, https:\/\/diariodigitalmx.com\/wp-content\/uploads\/2025\/04\/FOTO-4-300x168.jpeg 300w, https:\/\/diariodigitalmx.com\/wp-content\/uploads\/2025\/04\/FOTO-4-768x430.jpeg 768w, https:\/\/diariodigitalmx.com\/wp-content\/uploads\/2025\/04\/FOTO-4.jpeg 1280w\" sizes=\"(max-width: 1024px) 100vw, 1024px\" \/><\/figure>\n\n\n\n<p>La participaci\u00f3n de Escobedo reafirma su compromiso con el aprendizaje inclusivo, la formaci\u00f3n integral de sus ciudadanos y el fortalecimiento de alianzas nacionales e internacionales para el desarrollo sostenible.<br>Durante el encuentro, se abordaron temas clave como el desarrollo sostenible, la seguridad, y la creaci\u00f3n de sinergias entre alcaldes para impulsar pol\u00edticas p\u00fablicas que fortalezcan el aprendizaje y el desarrollo<br>local.<\/p>\n","protected":false},"excerpt":{"rendered":"<p>El Municipio de Escobedo destac\u00f3 ante representantes de Ciudades de Aprendizaje de Latinoam\u00e9rica las pol\u00edticas p\u00fablicas que han ayudado a impulsar una educaci\u00f3n integral en la comunidad.En representaci\u00f3n del Alcalde Andr\u00e9s Mijes, Hugo Espiricueta, Secretario de Cultura, Educaci\u00f3n y Recreaci\u00f3n Social, particip\u00f3 en la Reuni\u00f3n Anual de Ciudades del Aprendizaje, realizada en la capital de [&hellip;]<\/p>\n","protected":false},"author":1,"featured_media":133774,"comment_status":"open","ping_status":"open","sticky":true,"template":"","format":"standard","meta":{"footnotes":""},"categories":[6],"tags":[],"_links":{"self":[{"href":"https:\/\/diariodigitalmx.com\/index.php\/wp-json\/wp\/v2\/posts\/133772"}],"collection":[{"href":"https:\/\/diariodigitalmx.com\/index.php\/wp-json\/wp\/v2\/posts"}],"about":[{"href":"https:\/\/diariodigitalmx.com\/index.php\/wp-json\/wp\/v2\/types\/post"}],"author":[{"embeddable":true,"href":"https:\/\/diariodigitalmx.com\/index.php\/wp-json\/wp\/v2\/users\/1"}],"replies":[{"embeddable":true,"href":"https:\/\/diariodigitalmx.com\/index.php\/wp-json\/wp\/v2\/comments?post=133772"}],"version-history":[{"count":2,"href":"https:\/\/diariodigitalmx.com\/index.php\/wp-json\/wp\/v2\/posts\/133772\/revisions"}],"predecessor-version":[{"id":133780,"href":"https:\/\/diariodigitalmx.com\/index.php\/wp-json\/wp\/v2\/posts\/133772\/revisions\/133780"}],"wp:featuredmedia":[{"embeddable":true,"href":"https:\/\/diariodigitalmx.com\/index.php\/wp-json\/wp\/v2\/media\/133774"}],"wp:attachment":[{"href":"https:\/\/diariodigitalmx.com\/index.php\/wp-json\/wp\/v2\/media?parent=133772"}],"wp:term":[{"taxonomy":"category","embeddable":true,"href":"https:\/\/diariodigitalmx.com\/index.php\/wp-json\/wp\/v2\/categories?post=133772"},{"taxonomy":"post_tag","embeddable":true,"href":"https:\/\/diariodigitalmx.com\/index.php\/wp-json\/wp\/v2\/tags?post=133772"}],"curies":[{"name":"wp","href":"https:\/\/api.w.org\/{rel}","templated":true}]}}