{"id":133781,"date":"2025-04-13T17:47:16","date_gmt":"2025-04-13T23:47:16","guid":{"rendered":"https:\/\/diariodigitalmx.com\/?p=133781"},"modified":"2025-04-13T17:49:49","modified_gmt":"2025-04-13T23:49:49","slug":"aqui-estamos-para-ayudarlos-americo-y-maria-llevan-apoyos-a-familias-de-reynosa","status":"publish","type":"post","link":"https:\/\/diariodigitalmx.com\/index.php\/2025\/04\/13\/aqui-estamos-para-ayudarlos-americo-y-maria-llevan-apoyos-a-familias-de-reynosa\/","title":{"rendered":"&#8220;Aqu\u00ed estamos para ayudarlos&#8221;; Am\u00e9rico y Mar\u00eda llevan apoyos a familias de Reynosa"},"content":{"rendered":"\n<p>*Gobernador y presidenta del DIF estatal una vez m\u00e1s recorren zonas afectadas y entregan ayuda casa por casa<\/p>\n\n\n\n<p>Reynosa, Tamaulipas. &#8211; El gobernador Am\u00e9rico Villarreal Anaya y la presidenta del DIF Estatal, doctora Mar\u00eda de Villarreal, encabezaron una jornada m\u00e1s de entrega de apoyos a familias que fueron afectadas por las lluvias en la colonia Juan Escutia, de Reynosa.<\/p>\n\n\n\n<figure class=\"wp-block-image size-large\"><img loading=\"lazy\" decoding=\"async\" width=\"1024\" height=\"683\" src=\"https:\/\/diariodigitalmx.com\/wp-content\/uploads\/2025\/04\/IMG-20250412-WA0077-1024x683.jpg\" alt=\"\" class=\"wp-image-133786\" srcset=\"https:\/\/diariodigitalmx.com\/wp-content\/uploads\/2025\/04\/IMG-20250412-WA0077-1024x683.jpg 1024w, https:\/\/diariodigitalmx.com\/wp-content\/uploads\/2025\/04\/IMG-20250412-WA0077-300x200.jpg 300w, https:\/\/diariodigitalmx.com\/wp-content\/uploads\/2025\/04\/IMG-20250412-WA0077-768x512.jpg 768w, https:\/\/diariodigitalmx.com\/wp-content\/uploads\/2025\/04\/IMG-20250412-WA0077-1536x1024.jpg 1536w, https:\/\/diariodigitalmx.com\/wp-content\/uploads\/2025\/04\/IMG-20250412-WA0077.jpg 1600w\" sizes=\"(max-width: 1024px) 100vw, 1024px\" \/><\/figure>\n\n\n\n<p>&#8220;No los vamos a dejar solos; aqu\u00ed estamos presentes para ayudarlos&#8221;, les expres\u00f3 el gobernador al visitar casa por casa, en donde dialog\u00f3 con las familias damnificadas y les entreg\u00f3 despensas, kits de limpieza y colchones, y adem\u00e1s les reiter\u00f3 el compromiso de la presidenta Claudia Sheinbaum, quien este viernes tambi\u00e9n estuvo ah\u00ed y anunci\u00f3 los apoyos federales, adem\u00e1s de escuchar de manera directa sus necesidades.<\/p>\n\n\n\n<p>&#8220;Qu\u00e9 bueno que no nos abandonan, ah\u00ed vamos despacio remediando todo&#8221;, le coment\u00f3 la se\u00f1ora Mar\u00eda Elena en su casa de la calle &#8220;Esther&#8221;, de esta colonia.\u00a0<\/p>\n\n\n\n<figure class=\"wp-block-image size-large\"><img loading=\"lazy\" decoding=\"async\" width=\"1024\" height=\"683\" src=\"https:\/\/diariodigitalmx.com\/wp-content\/uploads\/2025\/04\/IMG-20250412-WA0075-1024x683.jpg\" alt=\"\" class=\"wp-image-133787\" srcset=\"https:\/\/diariodigitalmx.com\/wp-content\/uploads\/2025\/04\/IMG-20250412-WA0075-1024x683.jpg 1024w, https:\/\/diariodigitalmx.com\/wp-content\/uploads\/2025\/04\/IMG-20250412-WA0075-300x200.jpg 300w, https:\/\/diariodigitalmx.com\/wp-content\/uploads\/2025\/04\/IMG-20250412-WA0075-768x512.jpg 768w, https:\/\/diariodigitalmx.com\/wp-content\/uploads\/2025\/04\/IMG-20250412-WA0075-1536x1024.jpg 1536w, https:\/\/diariodigitalmx.com\/wp-content\/uploads\/2025\/04\/IMG-20250412-WA0075.jpg 1600w\" sizes=\"(max-width: 1024px) 100vw, 1024px\" \/><\/figure>\n\n\n\n<p>Durante su recorrido, en donde tambi\u00e9n estuvo presente la secretaria de Bienestar, Silvia Casas, el gobernador recibi\u00f3 muestras de afecto y de agradecimiento por parte de quienes reconocieron que es el primer gobernante en estar cerca de ellos y &#8220;echarles la mano&#8221;. &#8220;Estamos muy agradecidos con usted, gobernador. Dios lo bendiga&#8221;, le dijo la se\u00f1ora Amalia, en la calle Zaragoza.<\/p>\n\n\n\n<p>Al llegar a la casa de do\u00f1a Chelo, una reconocida l\u00edder de esta colonia por m\u00e1s de 30 a\u00f1os, Am\u00e9rico Villarreal fue recibido con un &#8220;gracias por todo, es usted un gobernador excelente&#8221;.<\/p>\n\n\n\n<p>&#8220;Tenemos conocimiento de que aproximadamente se afectaron 10 mil viviendas, que esto puede estar afectando a alrededor de 32 mil habitantes&#8221;, dijo el gobernador.&nbsp;<\/p>\n\n\n\n<p>&#8220;La presidenta, que tambi\u00e9n nos visit\u00f3 ayer y ustedes lo vieron, nos dijo los apoyos que vienen para las personas que han sufrido este problema de inundaci\u00f3n, que van a ser 8 mil pesos en efectivo en una tarjeta para que contin\u00faen con las medidas de limpieza, y despu\u00e9s van a llegar enseres para sus hogares por las p\u00e9rdidas que tuvieron&#8221;, agreg\u00f3 en entrevista con los medios de comunicaci\u00f3n.<\/p>\n\n\n\n<figure class=\"wp-block-image size-large\"><img loading=\"lazy\" decoding=\"async\" width=\"1024\" height=\"683\" src=\"https:\/\/diariodigitalmx.com\/wp-content\/uploads\/2025\/04\/IMG-20250412-WA0078-1024x683.jpg\" alt=\"\" class=\"wp-image-133788\" srcset=\"https:\/\/diariodigitalmx.com\/wp-content\/uploads\/2025\/04\/IMG-20250412-WA0078-1024x683.jpg 1024w, https:\/\/diariodigitalmx.com\/wp-content\/uploads\/2025\/04\/IMG-20250412-WA0078-300x200.jpg 300w, https:\/\/diariodigitalmx.com\/wp-content\/uploads\/2025\/04\/IMG-20250412-WA0078-768x512.jpg 768w, https:\/\/diariodigitalmx.com\/wp-content\/uploads\/2025\/04\/IMG-20250412-WA0078-1536x1024.jpg 1536w, https:\/\/diariodigitalmx.com\/wp-content\/uploads\/2025\/04\/IMG-20250412-WA0078.jpg 1600w\" sizes=\"(max-width: 1024px) 100vw, 1024px\" \/><\/figure>\n\n\n\n<p>Para finalizar su recorrido, el gobernador lleg\u00f3 caminando por la calle Mackenzie hasta el bordo de la laguna &#8220;La Escondida&#8221;, en donde los vecinos le comentaron los estragos que provoc\u00f3 el desbordamiento y la urgencia de realizar obras de rehabilitaci\u00f3n para evitar nuevas afectaciones.<\/p>\n\n\n\n<p>En respuesta, Villarreal Anaya explic\u00f3 que ya se cuenta con un proyecto autorizado por la presidenta Claudia Sheinbaum para realizar un diagn\u00f3stico integral de toda la cuenca del r\u00edo Bravo y de las condiciones de drenaje en los municipios de Reynosa, Matamoros y R\u00edo Bravo, a fin de emprender acciones y rehabilitar toda la infraestructura.<\/p>\n","protected":false},"excerpt":{"rendered":"<p>*Gobernador y presidenta del DIF estatal una vez m\u00e1s recorren zonas afectadas y entregan ayuda casa por casa Reynosa, Tamaulipas. &#8211; El gobernador Am\u00e9rico Villarreal Anaya y la presidenta del DIF Estatal, doctora Mar\u00eda de Villarreal, encabezaron una jornada m\u00e1s de entrega de apoyos a familias que fueron afectadas por las lluvias en la colonia [&hellip;]<\/p>\n","protected":false},"author":1,"featured_media":133784,"comment_status":"open","ping_status":"open","sticky":true,"template":"","format":"standard","meta":{"footnotes":""},"categories":[5,19],"tags":[],"_links":{"self":[{"href":"https:\/\/diariodigitalmx.com\/index.php\/wp-json\/wp\/v2\/posts\/133781"}],"collection":[{"href":"https:\/\/diariodigitalmx.com\/index.php\/wp-json\/wp\/v2\/posts"}],"about":[{"href":"https:\/\/diariodigitalmx.com\/index.php\/wp-json\/wp\/v2\/types\/post"}],"author":[{"embeddable":true,"href":"https:\/\/diariodigitalmx.com\/index.php\/wp-json\/wp\/v2\/users\/1"}],"replies":[{"embeddable":true,"href":"https:\/\/diariodigitalmx.com\/index.php\/wp-json\/wp\/v2\/comments?post=133781"}],"version-history":[{"count":3,"href":"https:\/\/diariodigitalmx.com\/index.php\/wp-json\/wp\/v2\/posts\/133781\/revisions"}],"predecessor-version":[{"id":133789,"href":"https:\/\/diariodigitalmx.com\/index.php\/wp-json\/wp\/v2\/posts\/133781\/revisions\/133789"}],"wp:featuredmedia":[{"embeddable":true,"href":"https:\/\/diariodigitalmx.com\/index.php\/wp-json\/wp\/v2\/media\/133784"}],"wp:attachment":[{"href":"https:\/\/diariodigitalmx.com\/index.php\/wp-json\/wp\/v2\/media?parent=133781"}],"wp:term":[{"taxonomy":"category","embeddable":true,"href":"https:\/\/diariodigitalmx.com\/index.php\/wp-json\/wp\/v2\/categories?post=133781"},{"taxonomy":"post_tag","embeddable":true,"href":"https:\/\/diariodigitalmx.com\/index.php\/wp-json\/wp\/v2\/tags?post=133781"}],"curies":[{"name":"wp","href":"https:\/\/api.w.org\/{rel}","templated":true}]}}