{"id":133810,"date":"2025-04-13T20:01:24","date_gmt":"2025-04-14T02:01:24","guid":{"rendered":"https:\/\/diariodigitalmx.com\/?p=133810"},"modified":"2025-04-13T20:11:12","modified_gmt":"2025-04-14T02:11:12","slug":"muere-mario-vargas-llosa-luto-en-las-letras","status":"publish","type":"post","link":"https:\/\/diariodigitalmx.com\/index.php\/2025\/04\/13\/muere-mario-vargas-llosa-luto-en-las-letras\/","title":{"rendered":"Muere Mario Vargas Llosa; luto en las letras"},"content":{"rendered":"\n<p>Falleci\u00f3 en Lima, el escritor peruano&nbsp;<strong>Mario Vargas Llosa<\/strong>, ganador del Premio Nobel de Literatura en 2010, ten\u00eda 89 a\u00f1os de edad, informaron sus hijos este domingo 13 de abril.<\/p>\n\n\n\n<p>&#8220;Con profundo dolor, hacemos p\u00fablico que nuestro padre, Mario Vargas Llosa, ha fallecido hoy en Lima, rodeado de su familia y en paz&#8221;, inform\u00f3 su familia.<\/p>\n\n\n\n<p>&nbsp;\u201cSu partida entristecer\u00e1 a sus parientes, a sus amigos y a sus lectores alrededor del mundo, pero esperamos que encuentren consuelo, como nosotros, en el hecho de que goz\u00f3 de una vida larga, m\u00faltiple y fruct\u00edfera, y&nbsp;<strong>deja detr\u00e1s suyo una obra que lo sobrevivir\u00e1<\/strong>\u201d, se\u00f1ala un comunicado de sus hijos&nbsp;<strong>\u00c1lvaro, Gonzalo y Morgana Vargas LLosa<\/strong>.<\/p>\n\n\n\n<p>Seg\u00fan la familia, el autor de \u201cLa ciudad y los perros\u201d&nbsp;<strong>no tendr\u00e1 ning\u00fan homenaje p\u00fablico<\/strong>, y confiaron en recibir el espacio y privacidad necesarios para despedirlo junto a sus amigos cercanos.<\/p>\n\n\n\n<p>&#8220;Procederemos en las pr\u00f3ximas horas y d\u00edas de acuerdo con sus instrucciones. No tendr\u00e1 lugar ninguna ceremonia p\u00fablica. Nuestra madre, nuestros hijos y nosotros mismos confiamos en tener el espacio y la privacidad para despedirlo en familia y en compa\u00f1\u00eda de amigos cercanos. Sus restos, como era su voluntad, ser\u00e1n incinerados&#8221;.<\/p>\n\n\n\n<p><strong>Pol\u00e9mico y controversial<\/strong>\u00a0desde sus primeros textos y declaraciones hasta el fin de sus d\u00edas, a Vargas Llosa se le recuerda tambi\u00e9n por sus se\u00f1alamientos sobre la dictadura blanda en M\u00e9xico.<\/p>\n\n\n\n<p>Naci\u00f3 en la ciudad de Arequipa, al sur de Per\u00fa en 1936, en el seno de una familia de clase media, pero, su aventura literaria comenz\u00f3 en Cochabamba, Bolivia, donde lleg\u00f3 a vivir, tras la separaci\u00f3n de sus padres en 1937.<\/p>\n\n\n\n<p>En ese lugar aprendi\u00f3 a leer a los cinco a\u00f1os en una escuela Lasallista, <strong>adquiri\u00f3 su gusto por la literatura de aventuras y luego por la literatura francesa<\/strong>, principalmente de autores considerados cl\u00e1sicos como&nbsp;<strong>V\u00edctor Hugo, Gustave Flaubert, Alexandre Dumas y Honor\u00e9 Balzac<\/strong>, entre otros. Luego regres\u00f3 a Per\u00fa, donde termin\u00f3 sus estudios como abogado.<\/p>\n","protected":false},"excerpt":{"rendered":"<p>Falleci\u00f3 en Lima, el escritor peruano&nbsp;Mario Vargas Llosa, ganador del Premio Nobel de Literatura en 2010, ten\u00eda 89 a\u00f1os de edad, informaron sus hijos este domingo 13 de abril. &#8220;Con profundo dolor, hacemos p\u00fablico que nuestro padre, Mario Vargas Llosa, ha fallecido hoy en Lima, rodeado de su familia y en paz&#8221;, inform\u00f3 su familia. [&hellip;]<\/p>\n","protected":false},"author":1,"featured_media":133812,"comment_status":"open","ping_status":"open","sticky":true,"template":"","format":"standard","meta":{"footnotes":""},"categories":[11,3,5],"tags":[],"_links":{"self":[{"href":"https:\/\/diariodigitalmx.com\/index.php\/wp-json\/wp\/v2\/posts\/133810"}],"collection":[{"href":"https:\/\/diariodigitalmx.com\/index.php\/wp-json\/wp\/v2\/posts"}],"about":[{"href":"https:\/\/diariodigitalmx.com\/index.php\/wp-json\/wp\/v2\/types\/post"}],"author":[{"embeddable":true,"href":"https:\/\/diariodigitalmx.com\/index.php\/wp-json\/wp\/v2\/users\/1"}],"replies":[{"embeddable":true,"href":"https:\/\/diariodigitalmx.com\/index.php\/wp-json\/wp\/v2\/comments?post=133810"}],"version-history":[{"count":3,"href":"https:\/\/diariodigitalmx.com\/index.php\/wp-json\/wp\/v2\/posts\/133810\/revisions"}],"predecessor-version":[{"id":133814,"href":"https:\/\/diariodigitalmx.com\/index.php\/wp-json\/wp\/v2\/posts\/133810\/revisions\/133814"}],"wp:featuredmedia":[{"embeddable":true,"href":"https:\/\/diariodigitalmx.com\/index.php\/wp-json\/wp\/v2\/media\/133812"}],"wp:attachment":[{"href":"https:\/\/diariodigitalmx.com\/index.php\/wp-json\/wp\/v2\/media?parent=133810"}],"wp:term":[{"taxonomy":"category","embeddable":true,"href":"https:\/\/diariodigitalmx.com\/index.php\/wp-json\/wp\/v2\/categories?post=133810"},{"taxonomy":"post_tag","embeddable":true,"href":"https:\/\/diariodigitalmx.com\/index.php\/wp-json\/wp\/v2\/tags?post=133810"}],"curies":[{"name":"wp","href":"https:\/\/api.w.org\/{rel}","templated":true}]}}