{"id":133821,"date":"2025-04-14T06:11:49","date_gmt":"2025-04-14T12:11:49","guid":{"rendered":"https:\/\/diariodigitalmx.com\/?p=133821"},"modified":"2025-04-14T06:12:40","modified_gmt":"2025-04-14T12:12:40","slug":"el-poder-enferma","status":"publish","type":"post","link":"https:\/\/diariodigitalmx.com\/index.php\/2025\/04\/14\/el-poder-enferma\/","title":{"rendered":"El poder, \u00bfenferma\u2026?"},"content":{"rendered":"\n<p>Cosas del Tony<\/p>\n\n\n\n<p>Por: Antonio S\u00e1nchez R.<\/p>\n\n\n\n<p>Algo tiene el poder, en cualquier de sus niveles, que enferma a quien consigue ubicarse en alguna posici\u00f3n desde la cual se emiten se\u00f1ales de que una seria transformaci\u00f3n est\u00e1 registr\u00e1ndose en la persona, al grado de que en un santiam\u00e9n parece un individuo distinto.<\/p>\n\n\n\n<p>Una silla o un escritorio de una oficina p\u00fablica, ya sea alcald\u00eda, gubernatura o presidencia de la rep\u00fablica, o de cualquier dependencia oficial municipal, estatal o federal, nada tienen que ver en la transformaci\u00f3n del individuo, sino m\u00e1s bien es el individuo mismo el que, al subirse al ladrillo o escal\u00f3n alcanzado, se marea al saborear las delicias de ese pedazo de pastel o del banquete completo del cual podr\u00e1 disponer a su antojo.<\/p>\n\n\n\n<p>Una simple curul, una representaci\u00f3n en el poder legislativo, local o federal, suele causar serios trastornos del comportamiento humano, sin importar edades o posici\u00f3n social del reci\u00e9n llegado \u201ccurulero\u201d: el efecto es inmediato. Es m\u00e1s, desde antes de rendir protesta, su pensamiento no est\u00e1 centrado en sus representados, sino en \u00e9l mismo.<\/p>\n\n\n\n<p>La representaci\u00f3n del poder a trav\u00e9s de una oficina, un escritorio, una silla o una curul, se convertido en simple clich\u00e9 del que se valen algunos \u201caguzados\u201d para captar la atenci\u00f3n de una \u201cclientela\u201d medi\u00e1tica dispuesta a creer en algo cuando se siente enga\u00f1ada o decepcionada.<\/p>\n\n\n\n<p>Sacar la silla del despacho del gobernador, como lo hiciera el tristemente c\u00e9lebre ex gobernador \u201cBronco\u201d, aduciendo que \u201cesa silla enferma de poder\u201d, tuvo en su momento su dosis de \u201cgancho\u201d medi\u00e1tico, pues en ese simple mueble se sentaron no s\u00f3lo los dos antecesores del hoy ex gobernador \u201cindependiente\u201d, sino tambi\u00e9n pol\u00edticos de gran altura como don Alfonso Mart\u00ednez Dom\u00ednguez, o Don Ra\u00fal Rangel Fr\u00edas.<\/p>\n\n\n\n<p>Asociar el mobiliario de una oficina a la reacci\u00f3n que pueda tener un funcionario p\u00fablico cuando accede a ese lugar, asign\u00e1ndole categor\u00eda de enfermedad al comportamiento negativo que se pudiese presentar, es simple estrategia de medios.<\/p>\n\n\n\n<p>La silla o el escritorio no enferma a nadie. Es el entorno lo que termina por vencer las buenas intenciones, si es que alguna vez las hubo. Es la persona misma la que, embriagado por las lisonjas y las adulaciones, se transforma y adquiere una personalidad muy distinta a la que se vio en campa\u00f1a y muy distante de sus prop\u00f3sitos primarios.<\/p>\n\n\n\n<p>\u00bfO acaso gobernadores como los ya mencionados se mostraron alguna vez con la raz\u00f3n nublada por el poder adquirido como gobernantes? Tanto Mart\u00ednez Dom\u00ednguez, como Rangel Fr\u00edas, considerado un verdadero sabio, son de lo mejor que ha tenido nuestro estado, sin olvidar a don Eduardo Livas Villarreal, a don Eduardo Elizondo o hasta a Pedro Zorrilla Mart\u00ednez. Ellos son ejemplo claro de que una silla, nada tiene que ver con la condici\u00f3n que se le asign\u00f3 a la silla gubernamental. Simple representaci\u00f3n visual. Semi\u00f3tica pura.<\/p>\n\n\n\n<p>La condici\u00f3n humana hace a los individuos adoptar frecuentemente esas aptitudes \u201ccamale\u00f3nicas\u201d de las que ya hemos escrito anteriormente y, por ende, no es extra\u00f1o que, de igual manera, provoque cambios significativos en el comportamiento de quienes llegan a ocupar alg\u00fan cargo p\u00fablico, especialmente cuando se trata de cargos de cierta importancia.<\/p>\n\n\n\n<p>Aunque tampoco es raro ver a funcionarios de niveles o mandos intermedios ostentar lo que no es, presumir que tienen poder cuando en realidad no alcanzan relevancia alguna. Eso no les importa, pues abundan los casos en los que convierten sus peque\u00f1os espacios en presuntos cotos de poder en los que nada m\u00e1s \u201csus chicharrones truenan\u201d.<\/p>\n\n\n\n<p>Uno de los ejemplos m\u00e1s pat\u00e9ticos de la transformaci\u00f3n que puede llegar a registrar un funcionario p\u00fablico es nuestro actual gobernador, quien hace unos 10 a\u00f1os se ve\u00eda como un simple jovenzuelo inexperto y so\u00f1ador, hoy est\u00e1 radicalmente transformado y la verdad, no tiene remedio. Ya veremos y diremos\u2026<\/p>\n","protected":false},"excerpt":{"rendered":"<p>Cosas del Tony Por: Antonio S\u00e1nchez R. Algo tiene el poder, en cualquier de sus niveles, que enferma a quien consigue ubicarse en alguna posici\u00f3n desde la cual se emiten se\u00f1ales de que una seria transformaci\u00f3n est\u00e1 registr\u00e1ndose en la persona, al grado de que en un santiam\u00e9n parece un individuo distinto. Una silla o [&hellip;]<\/p>\n","protected":false},"author":1,"featured_media":133406,"comment_status":"open","ping_status":"open","sticky":true,"template":"","format":"standard","meta":{"footnotes":""},"categories":[12],"tags":[],"_links":{"self":[{"href":"https:\/\/diariodigitalmx.com\/index.php\/wp-json\/wp\/v2\/posts\/133821"}],"collection":[{"href":"https:\/\/diariodigitalmx.com\/index.php\/wp-json\/wp\/v2\/posts"}],"about":[{"href":"https:\/\/diariodigitalmx.com\/index.php\/wp-json\/wp\/v2\/types\/post"}],"author":[{"embeddable":true,"href":"https:\/\/diariodigitalmx.com\/index.php\/wp-json\/wp\/v2\/users\/1"}],"replies":[{"embeddable":true,"href":"https:\/\/diariodigitalmx.com\/index.php\/wp-json\/wp\/v2\/comments?post=133821"}],"version-history":[{"count":1,"href":"https:\/\/diariodigitalmx.com\/index.php\/wp-json\/wp\/v2\/posts\/133821\/revisions"}],"predecessor-version":[{"id":133822,"href":"https:\/\/diariodigitalmx.com\/index.php\/wp-json\/wp\/v2\/posts\/133821\/revisions\/133822"}],"wp:featuredmedia":[{"embeddable":true,"href":"https:\/\/diariodigitalmx.com\/index.php\/wp-json\/wp\/v2\/media\/133406"}],"wp:attachment":[{"href":"https:\/\/diariodigitalmx.com\/index.php\/wp-json\/wp\/v2\/media?parent=133821"}],"wp:term":[{"taxonomy":"category","embeddable":true,"href":"https:\/\/diariodigitalmx.com\/index.php\/wp-json\/wp\/v2\/categories?post=133821"},{"taxonomy":"post_tag","embeddable":true,"href":"https:\/\/diariodigitalmx.com\/index.php\/wp-json\/wp\/v2\/tags?post=133821"}],"curies":[{"name":"wp","href":"https:\/\/api.w.org\/{rel}","templated":true}]}}