{"id":133829,"date":"2025-04-14T06:26:09","date_gmt":"2025-04-14T12:26:09","guid":{"rendered":"https:\/\/diariodigitalmx.com\/?p=133829"},"modified":"2025-04-14T06:26:53","modified_gmt":"2025-04-14T12:26:53","slug":"plantean-elevar-a-rango-constitucional-atencion-a-salud-mental","status":"publish","type":"post","link":"https:\/\/diariodigitalmx.com\/index.php\/2025\/04\/14\/plantean-elevar-a-rango-constitucional-atencion-a-salud-mental\/","title":{"rendered":"Plantean elevar a rango Constitucional atenci\u00f3n a salud mental"},"content":{"rendered":"\n<figure class=\"wp-block-table\"><table><tbody><tr><td><strong><br><\/strong><\/td><\/tr><\/tbody><\/table><\/figure>\n\n\n\n<figure class=\"wp-block-table\"><table><tbody><tr><td>La secretaria de la Mesa Directiva de la LXVI Legislatura de la C\u00e1mara de Diputados, Fuensanta Guerrero, present\u00f3 una iniciativa de reforma al Art\u00edculo 4\u00b0 de nuestra Carta Magna, con el prop\u00f3sito de elevar a rango constitucional el derecho a la atenci\u00f3n de la salud mental y que el Estado la otorgue de forma integral y gratuita.<br>Actualmente dicho art\u00edculo s\u00f3lo establece que \u201ctoda persona tiene derecho a la protecci\u00f3n de la salud\u201d, por lo que la integrante del Grupo Parlamentario del Partido Revolucionario Institucional (GPPRI), pidi\u00f3 adicionar las palabras \u2018f\u00edsica y mental\u2019, para que la \u201cpol\u00edtica en materia de salud est\u00e9 dotada de especificidad y reconozca a la salud mental en la m\u00e1xima norma de M\u00e9xico\u201d.<br>En ese mismo apartado constitucional la zacatecana propone que se establezca que la \u201cLey definir\u00e1 un sistema de salud \u2018preventivo y de atenci\u00f3n eficaz\u2019, con el fin de garantizar la extensi\u00f3n progresiva, cuantitativa y cualitativa de los servicios de salud para la atenci\u00f3n integral y gratuita de \u2018la salud f\u00edsica y mental\u2019 de las personas que no cuenten con seguridad social.<br>Al justificar la reforma constitucional, la legisladora explic\u00f3 que M\u00e9xico est\u00e1 rezagado en materia de salud mental, pues datos de la Asociaci\u00f3n Psiqui\u00e1trica Mexicana indican que el 30 por ciento de la poblaci\u00f3n nacional est\u00e1 afectada por trastornos mentales; sin embargo, apenas 1 de cada 5 recibe tratamiento.<br>Los padecimientos mentales tambi\u00e9n afectan a la juventud mexicana, ya que el INEGI se\u00f1ala al suicidio como la tercera causa de muerte entre menores de 10 a 14 a\u00f1os y en el bloque de 15 a 24. En tanto, a nivel mundial, entre el 10 y 20 por ciento de los j\u00f3venes enfrentan esquemas depresivos que tuvieron relaci\u00f3n con el suicidio.&nbsp;<br>Fuensanta Guerrero tambi\u00e9n advirti\u00f3 sobre la baja inversi\u00f3n, pues del total del presupuesto para el sector salud s\u00f3lo el dos por ciento es para el \u00e1rea mental, cuando la OMS recomienda un porcentaje del 5 al 10. De esa poca cantidad, el 80 por ciento es para operaci\u00f3n de hospitales psiqui\u00e1tricos y \u201cse destina muy poco a la detecci\u00f3n, prevenci\u00f3n y rehabilitaci\u00f3n\u201d, agreg\u00f3.<br>Defini\u00f3 la salud mental como un fen\u00f3meno complejo, determinado por factores sociales, ambientales, biol\u00f3gicos y psicol\u00f3gicos. Incluye padecimientos como depresi\u00f3n, ansiedad, epilepsia, demencia y esquizofrenia, entre otros, alrededor de los cuales hay estigmatizaci\u00f3n y discriminaci\u00f3n. En los sectores pobres se dificulta m\u00e1s su atenci\u00f3n m\u00e9dica por el gasto que representan.<br>En su lucha por garantizar la protecci\u00f3n de la salud mental en el marco jur\u00eddico de M\u00e9xico, la Legisladora por Zacatecas present\u00f3 un an\u00e1lisis de 17 constituciones del mundo en materia de salud mental, entre ellas la de Reino Unido, Ruman\u00eda, Ecuador, Congo, Hungr\u00eda y Turqu\u00eda.&nbsp;<\/td><\/tr><\/tbody><\/table><\/figure>\n","protected":false},"excerpt":{"rendered":"<p>La secretaria de la Mesa Directiva de la LXVI Legislatura de la C\u00e1mara de Diputados, Fuensanta Guerrero, present\u00f3 una iniciativa de reforma al Art\u00edculo 4\u00b0 de nuestra Carta Magna, con el prop\u00f3sito de elevar a rango constitucional el derecho a la atenci\u00f3n de la salud mental y que el Estado la otorgue de forma integral [&hellip;]<\/p>\n","protected":false},"author":1,"featured_media":133831,"comment_status":"open","ping_status":"open","sticky":true,"template":"","format":"standard","meta":{"footnotes":""},"categories":[14,2],"tags":[],"_links":{"self":[{"href":"https:\/\/diariodigitalmx.com\/index.php\/wp-json\/wp\/v2\/posts\/133829"}],"collection":[{"href":"https:\/\/diariodigitalmx.com\/index.php\/wp-json\/wp\/v2\/posts"}],"about":[{"href":"https:\/\/diariodigitalmx.com\/index.php\/wp-json\/wp\/v2\/types\/post"}],"author":[{"embeddable":true,"href":"https:\/\/diariodigitalmx.com\/index.php\/wp-json\/wp\/v2\/users\/1"}],"replies":[{"embeddable":true,"href":"https:\/\/diariodigitalmx.com\/index.php\/wp-json\/wp\/v2\/comments?post=133829"}],"version-history":[{"count":1,"href":"https:\/\/diariodigitalmx.com\/index.php\/wp-json\/wp\/v2\/posts\/133829\/revisions"}],"predecessor-version":[{"id":133830,"href":"https:\/\/diariodigitalmx.com\/index.php\/wp-json\/wp\/v2\/posts\/133829\/revisions\/133830"}],"wp:featuredmedia":[{"embeddable":true,"href":"https:\/\/diariodigitalmx.com\/index.php\/wp-json\/wp\/v2\/media\/133831"}],"wp:attachment":[{"href":"https:\/\/diariodigitalmx.com\/index.php\/wp-json\/wp\/v2\/media?parent=133829"}],"wp:term":[{"taxonomy":"category","embeddable":true,"href":"https:\/\/diariodigitalmx.com\/index.php\/wp-json\/wp\/v2\/categories?post=133829"},{"taxonomy":"post_tag","embeddable":true,"href":"https:\/\/diariodigitalmx.com\/index.php\/wp-json\/wp\/v2\/tags?post=133829"}],"curies":[{"name":"wp","href":"https:\/\/api.w.org\/{rel}","templated":true}]}}