{"id":133845,"date":"2025-04-14T12:08:15","date_gmt":"2025-04-14T18:08:15","guid":{"rendered":"https:\/\/diariodigitalmx.com\/?p=133845"},"modified":"2025-04-14T12:19:48","modified_gmt":"2025-04-14T18:19:48","slug":"la-dictadura-perfecta-de-mario-vargas-llosa-referente-para-entender-como-opera-el-sistema-politico-mexicano","status":"publish","type":"post","link":"https:\/\/diariodigitalmx.com\/index.php\/2025\/04\/14\/la-dictadura-perfecta-de-mario-vargas-llosa-referente-para-entender-como-opera-el-sistema-politico-mexicano\/","title":{"rendered":"Video: La dictadura perfecta, de Mario Vargas Llosa; referente para entender como opera el sistema pol\u00edtico mexicano"},"content":{"rendered":"\n<figure class=\"wp-block-video\"><video controls src=\"http:\/\/diariodigitalmx.com\/wp-content\/uploads\/2025\/04\/2025-04-14_10-42-41_0.mp4\"><\/video><\/figure>\n\n\n\n<p>En 1990 durante un programa especial de Televisa, <a href=\"https:\/\/lasillarota.com\/mundo\/2025\/4\/13\/mario-vargas-llosa-nobel-de-literatura-2010-muere-en-peru-los-89-anos-531636.html\" target=\"_blank\" rel=\"noreferrer noopener\"><strong>Encuentro Vuelta: la experiencia de la libertad<\/strong><\/a>\u201d, Mario Vargas Llosa lanz\u00f3 una cr\u00edtica directa al sistema pol\u00edtico priista, en ese entonces, un partido que controlaba todo: \u201dM\u00e9xico es la dictadura perfecta\u201d, sostuvo.<\/p>\n\n\n\n<p>Estaban ah\u00ed, figuras relevantes de las letras como como Octavio Paz y Carlos Fuentes, y donde Vargas Llosa describi\u00f3 el modelo pol\u00edtico mexicano que no requer\u00eda de represi\u00f3n abierta porque todo lo controlaba desde adentro, con elecciones donde siempre el resultado era el mismo a favor del mismo partido; una democracia de fachada bien construida.<\/p>\n\n\n\n<p>&nbsp;Hoy a m\u00e1s de tres d\u00e9cadas, su declaraci\u00f3n sigue siendo un referente para entender c\u00f3mo el poder opera en silencio, bajo reglas no escritas, pero profundamente efectivas.<\/p>\n\n\n\n<p>La declaraci\u00f3n desat\u00f3 reacciones, para algunos, fue una descripci\u00f3n certera de la realidad mexicana, un llamado de atenci\u00f3n ante la falta de una verdadera alternancia pol\u00edtica y la persistencia de pr\u00e1cticas autoritarias. Para otros, fue una generalizaci\u00f3n exagerada e injusta, que ignoraba los avances democr\u00e1ticos y la complejidad del sistema pol\u00edtico mexicano.<\/p>\n\n\n\n<p>El programa televisivo congreg\u00f3 a cerca de 40 pensadores y&nbsp;<a href=\"https:\/\/lasillarota.com\/mundo\/2025\/4\/13\/mario-vargas-llosa-de-la-ciudad-de-los-perros-le-dedico-mi-silencio-531643.html\" target=\"_blank\" rel=\"noreferrer noopener\"><strong>autores del mundo<\/strong><\/a>, que discutieron sobre el estado de diversos temas: libertad, religi\u00f3n, nacionalismos, econom\u00eda, justicia, el socialismo.<\/p>\n\n\n\n<p>Hoy, en la actualidad, muchos coinciden en que la frase del escritor peruano fallecido el domingo, todav\u00eda tiene vigencia.<\/p>\n","protected":false},"excerpt":{"rendered":"<p>En 1990 durante un programa especial de Televisa, Encuentro Vuelta: la experiencia de la libertad\u201d, Mario Vargas Llosa lanz\u00f3 una cr\u00edtica directa al sistema pol\u00edtico priista, en ese entonces, un partido que controlaba todo: \u201dM\u00e9xico es la dictadura perfecta\u201d, sostuvo. Estaban ah\u00ed, figuras relevantes de las letras como como Octavio Paz y Carlos Fuentes, y [&hellip;]<\/p>\n","protected":false},"author":1,"featured_media":133847,"comment_status":"open","ping_status":"open","sticky":true,"template":"","format":"standard","meta":{"footnotes":""},"categories":[2,3,5],"tags":[],"_links":{"self":[{"href":"https:\/\/diariodigitalmx.com\/index.php\/wp-json\/wp\/v2\/posts\/133845"}],"collection":[{"href":"https:\/\/diariodigitalmx.com\/index.php\/wp-json\/wp\/v2\/posts"}],"about":[{"href":"https:\/\/diariodigitalmx.com\/index.php\/wp-json\/wp\/v2\/types\/post"}],"author":[{"embeddable":true,"href":"https:\/\/diariodigitalmx.com\/index.php\/wp-json\/wp\/v2\/users\/1"}],"replies":[{"embeddable":true,"href":"https:\/\/diariodigitalmx.com\/index.php\/wp-json\/wp\/v2\/comments?post=133845"}],"version-history":[{"count":3,"href":"https:\/\/diariodigitalmx.com\/index.php\/wp-json\/wp\/v2\/posts\/133845\/revisions"}],"predecessor-version":[{"id":133850,"href":"https:\/\/diariodigitalmx.com\/index.php\/wp-json\/wp\/v2\/posts\/133845\/revisions\/133850"}],"wp:featuredmedia":[{"embeddable":true,"href":"https:\/\/diariodigitalmx.com\/index.php\/wp-json\/wp\/v2\/media\/133847"}],"wp:attachment":[{"href":"https:\/\/diariodigitalmx.com\/index.php\/wp-json\/wp\/v2\/media?parent=133845"}],"wp:term":[{"taxonomy":"category","embeddable":true,"href":"https:\/\/diariodigitalmx.com\/index.php\/wp-json\/wp\/v2\/categories?post=133845"},{"taxonomy":"post_tag","embeddable":true,"href":"https:\/\/diariodigitalmx.com\/index.php\/wp-json\/wp\/v2\/tags?post=133845"}],"curies":[{"name":"wp","href":"https:\/\/api.w.org\/{rel}","templated":true}]}}