{"id":133851,"date":"2025-04-14T12:43:36","date_gmt":"2025-04-14T18:43:36","guid":{"rendered":"https:\/\/diariodigitalmx.com\/?p=133851"},"modified":"2025-04-14T12:52:36","modified_gmt":"2025-04-14T18:52:36","slug":"la-noche-que-un-punetazo-acabo-con-la-amistad-de-vargas-llosa-y-garcia-marquez","status":"publish","type":"post","link":"https:\/\/diariodigitalmx.com\/index.php\/2025\/04\/14\/la-noche-que-un-punetazo-acabo-con-la-amistad-de-vargas-llosa-y-garcia-marquez\/","title":{"rendered":"La noche que un pu\u00f1etazo acab\u00f3 con la amistad de Vargas Llosa y Garc\u00eda M\u00e1rquez"},"content":{"rendered":"\n<p>El 12 de febrero de 1976, en el vest\u00edbulo de Bellas Artes, la bien fortalecida y consolidada amistad entre Mario Vargas Llosa y Gabriel Garc\u00eda M\u00e1rquez se derrumb\u00f3 tras de que el escritor peruano le dio un pu\u00f1etazo al colombiano.<\/p>\n\n\n\n<p>Ellos se encontraron en ese lugar de la Ciudad de M\u00e9xico, donde <strong>Vargas Llosa respondi\u00f3 un efusivo saludo y abrazo&nbsp;<\/strong>de Garc\u00eda M\u00e1rquez con la expresi\u00f3n \u201c\u00a1Esto,&nbsp;<strong>por lo que le hiciste a Patricia en Barcelona<\/strong>!\u201d o \u201c\u00a1Esto,&nbsp;<strong>por lo que dijiste a Patricia en Barcelona<\/strong>!\u201d, aunque<strong>&nbsp;no existe un registro fidedigno de que as\u00ed fue<\/strong>. Lo que si fue real es el pu\u00f1etazo que le dej\u00f3 en el ojo izquierdo a Gabo, el cual, en fotograf\u00edas muestra la lesi\u00f3n.<\/p>\n\n\n\n<p>Una versi\u00f3n se\u00f1ala que, la<strong>&nbsp;relaci\u00f3n entre Vargas Llosa y Patricia su esposa se debilit\u00f3, a causa del enamoramiento del autor<\/strong>&nbsp;del escritor <strong>por otra mujer e incluso una posible infidelidad<\/strong>.<\/p>\n\n\n\n<p>Lo anterior, llev\u00f3 a Patricia a hablar con el matrimonio de su amigo es decir con Gabo y Mercedes, quienes le aconsejaron divorciarse.<\/p>\n\n\n\n<p>\u201cEl&nbsp;<strong>distanciamiento con \u00e9l se debi\u00f3 a una cuesti\u00f3n personal<\/strong>, fundamentalmente, que&nbsp;<strong>no tiene nada que ver con su posici\u00f3n ideol\u00f3gica<\/strong>, de la cual discrepo tambi\u00e9n profundamente, porque creo que, p<strong>ol\u00edticamente, Garc\u00eda M\u00e1rquez no es de ninguna manera el buen escritor que es de literatura<\/strong>\u201d, dijo en una entrevista televisiva del 2000 Vargas Llosa.<\/p>\n\n\n\n<p>\u201cEso es un problema de Mario y de los chismes que le cont\u00f3 Patricia, que le llen\u00f3 de cuentos la cabeza\u201d, revir\u00f3 a su vez <em>Garc\u00eda M\u00e1rquez.<\/em><\/p>\n\n\n\n<p>El CentroGabo ha posteado en sus redes fotograf\u00edas del rostro del escritor colombiano donde se muestra el ojo lesionado y  a\u00f1ade que &#8220;tras el pu\u00f1etazo que recibi\u00f3 del escritor peruano. Gabo llam\u00f3 al fot\u00f3grafo Rodrigo Moya para inmortalizar las heridas. Estas fotos quedaron guardadas hasta 2007&#8221;.<\/p>\n","protected":false},"excerpt":{"rendered":"<p>El 12 de febrero de 1976, en el vest\u00edbulo de Bellas Artes, la bien fortalecida y consolidada amistad entre Mario Vargas Llosa y Gabriel Garc\u00eda M\u00e1rquez se derrumb\u00f3 tras de que el escritor peruano le dio un pu\u00f1etazo al colombiano. Ellos se encontraron en ese lugar de la Ciudad de M\u00e9xico, donde Vargas Llosa respondi\u00f3 [&hellip;]<\/p>\n","protected":false},"author":1,"featured_media":133853,"comment_status":"open","ping_status":"open","sticky":true,"template":"","format":"standard","meta":{"footnotes":""},"categories":[14,2,5],"tags":[],"_links":{"self":[{"href":"https:\/\/diariodigitalmx.com\/index.php\/wp-json\/wp\/v2\/posts\/133851"}],"collection":[{"href":"https:\/\/diariodigitalmx.com\/index.php\/wp-json\/wp\/v2\/posts"}],"about":[{"href":"https:\/\/diariodigitalmx.com\/index.php\/wp-json\/wp\/v2\/types\/post"}],"author":[{"embeddable":true,"href":"https:\/\/diariodigitalmx.com\/index.php\/wp-json\/wp\/v2\/users\/1"}],"replies":[{"embeddable":true,"href":"https:\/\/diariodigitalmx.com\/index.php\/wp-json\/wp\/v2\/comments?post=133851"}],"version-history":[{"count":2,"href":"https:\/\/diariodigitalmx.com\/index.php\/wp-json\/wp\/v2\/posts\/133851\/revisions"}],"predecessor-version":[{"id":133856,"href":"https:\/\/diariodigitalmx.com\/index.php\/wp-json\/wp\/v2\/posts\/133851\/revisions\/133856"}],"wp:featuredmedia":[{"embeddable":true,"href":"https:\/\/diariodigitalmx.com\/index.php\/wp-json\/wp\/v2\/media\/133853"}],"wp:attachment":[{"href":"https:\/\/diariodigitalmx.com\/index.php\/wp-json\/wp\/v2\/media?parent=133851"}],"wp:term":[{"taxonomy":"category","embeddable":true,"href":"https:\/\/diariodigitalmx.com\/index.php\/wp-json\/wp\/v2\/categories?post=133851"},{"taxonomy":"post_tag","embeddable":true,"href":"https:\/\/diariodigitalmx.com\/index.php\/wp-json\/wp\/v2\/tags?post=133851"}],"curies":[{"name":"wp","href":"https:\/\/api.w.org\/{rel}","templated":true}]}}