{"id":133866,"date":"2025-04-14T17:55:01","date_gmt":"2025-04-14T23:55:01","guid":{"rendered":"https:\/\/diariodigitalmx.com\/?p=133866"},"modified":"2025-04-14T17:56:38","modified_gmt":"2025-04-14T23:56:38","slug":"las-asambleas-vecinales-en-su-sexto-aniversario","status":"publish","type":"post","link":"https:\/\/diariodigitalmx.com\/index.php\/2025\/04\/14\/las-asambleas-vecinales-en-su-sexto-aniversario\/","title":{"rendered":"Las Asambleas Vecinales en su sexto aniversario"},"content":{"rendered":"\n<p>Pedro Garc\u00eda<\/p>\n\n\n\n<p>Las viejas luchas sindicales entre las centrales obreras por la disputa de los contratos colectivos de las empresas forma parte de la historia del mundo del trabajo de Monterrey.<\/p>\n\n\n\n<p>Si bien la competencia gremial sigue vigente, hay centrales y dirigentes que han agregado otras actividades a su rol de representantes de los derechos de los trabajadores lo que significa una evoluci\u00f3n sindical.<\/p>\n\n\n\n<p>Es el caso de las Asambleas Vecinales, Teresa Serv\u00edn, TESER, instituida por el dirigente del Transporte, Osvaldo Serna que se manifiesta como un apasionado de la asistencia social.<\/p>\n\n\n\n<figure class=\"wp-block-image size-large\"><img loading=\"lazy\" decoding=\"async\" width=\"768\" height=\"1024\" src=\"https:\/\/diariodigitalmx.com\/wp-content\/uploads\/2025\/04\/483526813_1087864696710117_3692277592173935447_n-768x1024.jpg\" alt=\"\" class=\"wp-image-133869\" srcset=\"https:\/\/diariodigitalmx.com\/wp-content\/uploads\/2025\/04\/483526813_1087864696710117_3692277592173935447_n-768x1024.jpg 768w, https:\/\/diariodigitalmx.com\/wp-content\/uploads\/2025\/04\/483526813_1087864696710117_3692277592173935447_n-225x300.jpg 225w, https:\/\/diariodigitalmx.com\/wp-content\/uploads\/2025\/04\/483526813_1087864696710117_3692277592173935447_n-1152x1536.jpg 1152w, https:\/\/diariodigitalmx.com\/wp-content\/uploads\/2025\/04\/483526813_1087864696710117_3692277592173935447_n.jpg 1200w\" sizes=\"(max-width: 768px) 100vw, 768px\" \/><\/figure>\n\n\n\n<p>Es un trabajo, un concepto de solidaridad con nuestros semejantes aquejados por determinadas necesidades o carencias, desde la falta de empleo hasta medicinas, abasto alimentario, becas escolares y muchos servicios m\u00e1s que brindamos a personas en lo individual o familias, explica Osvaldo Serna, formado en el trabajo sindical desde la base como transportista.<\/p>\n\n\n\n<p>Las grandes ciudades como Monterrey registran una gran din\u00e1mica econ\u00f3mica que ofrecen oportunidades de desarrollo, pero, tambi\u00e9n se presentan problemas sociales como la incumplida garant\u00eda de acceso a la salud o a la educaci\u00f3n, explic\u00f3 Osvaldo Serna.<\/p>\n\n\n\n<p>Hay gente que asiste a consultas m\u00e9dicas, son atendidos, pero, ocurre que no pueden surtir sus recetas porque no hay medicinas, no existen las farmacias, abund\u00f3 Serna al decir que ah\u00ed entran las Asambleas Vecinales TESER gestionando los medicamentos, resolviendo angustias de la sociedad.<\/p>\n\n\n\n<p>Las Asambleas Vecinales tenemos seis a\u00f1os con la gesti\u00f3n social en toda la zona metropolitana de Monterrey con un trabajo en equipo integrado por &nbsp;Perla Serna, Hector Castro, Secretario de la Base secci\u00f3n1 del transporte , Martin Tello, secretario de Conflictos de la misma base, Ramiro Vargas y M\u00f3nica Serna.<\/p>\n\n\n\n<p>Finalmente, ofreci\u00f3 que la gente puede entablar comunicaci\u00f3n con las Asambleas Vecinales al tel\u00e9fono 814-769-35-13<\/p>\n","protected":false},"excerpt":{"rendered":"<p>Pedro Garc\u00eda Las viejas luchas sindicales entre las centrales obreras por la disputa de los contratos colectivos de las empresas forma parte de la historia del mundo del trabajo de Monterrey. Si bien la competencia gremial sigue vigente, hay centrales y dirigentes que han agregado otras actividades a su rol de representantes de los derechos [&hellip;]<\/p>\n","protected":false},"author":1,"featured_media":133868,"comment_status":"open","ping_status":"open","sticky":true,"template":"","format":"standard","meta":{"footnotes":""},"categories":[6],"tags":[],"_links":{"self":[{"href":"https:\/\/diariodigitalmx.com\/index.php\/wp-json\/wp\/v2\/posts\/133866"}],"collection":[{"href":"https:\/\/diariodigitalmx.com\/index.php\/wp-json\/wp\/v2\/posts"}],"about":[{"href":"https:\/\/diariodigitalmx.com\/index.php\/wp-json\/wp\/v2\/types\/post"}],"author":[{"embeddable":true,"href":"https:\/\/diariodigitalmx.com\/index.php\/wp-json\/wp\/v2\/users\/1"}],"replies":[{"embeddable":true,"href":"https:\/\/diariodigitalmx.com\/index.php\/wp-json\/wp\/v2\/comments?post=133866"}],"version-history":[{"count":2,"href":"https:\/\/diariodigitalmx.com\/index.php\/wp-json\/wp\/v2\/posts\/133866\/revisions"}],"predecessor-version":[{"id":133870,"href":"https:\/\/diariodigitalmx.com\/index.php\/wp-json\/wp\/v2\/posts\/133866\/revisions\/133870"}],"wp:featuredmedia":[{"embeddable":true,"href":"https:\/\/diariodigitalmx.com\/index.php\/wp-json\/wp\/v2\/media\/133868"}],"wp:attachment":[{"href":"https:\/\/diariodigitalmx.com\/index.php\/wp-json\/wp\/v2\/media?parent=133866"}],"wp:term":[{"taxonomy":"category","embeddable":true,"href":"https:\/\/diariodigitalmx.com\/index.php\/wp-json\/wp\/v2\/categories?post=133866"},{"taxonomy":"post_tag","embeddable":true,"href":"https:\/\/diariodigitalmx.com\/index.php\/wp-json\/wp\/v2\/tags?post=133866"}],"curies":[{"name":"wp","href":"https:\/\/api.w.org\/{rel}","templated":true}]}}