{"id":133871,"date":"2025-04-14T23:22:08","date_gmt":"2025-04-15T05:22:08","guid":{"rendered":"https:\/\/diariodigitalmx.com\/?p=133871"},"modified":"2025-04-14T23:25:47","modified_gmt":"2025-04-15T05:25:47","slug":"gestionan-certificar-capacidad-de-conductores-para-uso-de-motocicletas","status":"publish","type":"post","link":"https:\/\/diariodigitalmx.com\/index.php\/2025\/04\/14\/gestionan-certificar-capacidad-de-conductores-para-uso-de-motocicletas\/","title":{"rendered":"Gestionan certificar capacidad de conductores para uso de motocicletas"},"content":{"rendered":"\n<p>Monterrey, N. L..-&nbsp; A fin de reducir el n\u00famero de accidentes viales con saldo mortal, el Consejo Nacional de Normalizaci\u00f3n y Certificaci\u00f3n de Competencias Laborales (CONOCER) de la Secretar\u00eda de Educaci\u00f3n, gestiona con los gobiernos estatales evaluar a los usuarios de motocicletas, para as\u00ed ser acreedores a sus licencias de manejo.<\/p>\n\n\n\n<p>Guillermina Alvarado Moreno, directora del organismo federal, inform\u00f3 que se est\u00e1 en conversaciones con diversos gobernadores para implantar el requisito de acreditar la capacidad de quienes pretendan conducir una motocicleta.<\/p>\n\n\n\n<p>Mencion\u00f3 que varias entidades como el Estado de M\u00e9xico y la CDMX ya est\u00e1 establecido este requisito como parte de sus pol\u00edticas p\u00fablicas.<\/p>\n\n\n\n<figure class=\"wp-block-image size-large\"><img loading=\"lazy\" decoding=\"async\" width=\"1024\" height=\"768\" src=\"https:\/\/diariodigitalmx.com\/wp-content\/uploads\/2025\/04\/IMG-20250414-WA0160-1024x768.jpg\" alt=\"\" class=\"wp-image-133875\" srcset=\"https:\/\/diariodigitalmx.com\/wp-content\/uploads\/2025\/04\/IMG-20250414-WA0160-1024x768.jpg 1024w, https:\/\/diariodigitalmx.com\/wp-content\/uploads\/2025\/04\/IMG-20250414-WA0160-300x225.jpg 300w, https:\/\/diariodigitalmx.com\/wp-content\/uploads\/2025\/04\/IMG-20250414-WA0160-768x576.jpg 768w, https:\/\/diariodigitalmx.com\/wp-content\/uploads\/2025\/04\/IMG-20250414-WA0160-1536x1152.jpg 1536w, https:\/\/diariodigitalmx.com\/wp-content\/uploads\/2025\/04\/IMG-20250414-WA0160.jpg 1600w\" sizes=\"(max-width: 1024px) 100vw, 1024px\" \/><\/figure>\n\n\n\n<p>Alvarado dijo que, ante el incremento en diversas zonas urbanas del pa\u00eds del uso de motocicletas, tanto para el \u00e1rea de servicios, como para la movilidad de los trabajadores o bien por diversi\u00f3n, el riesgo de accidentes es latente al haber personas e incluso menores de edad, sin la experiencia ni capacidad para conducir este tipo de veh\u00edculos.<\/p>\n\n\n\n<p>De acuerdo cin datos oficiales, en Nuevo Le\u00f3n se duplic\u00f3 del 2000 al 2005 el n\u00famero de motocicletas, a la vez&nbsp; se triplicaron las muertes vinculadas accidentes de usuarios de estos veh\u00edculos, de 17 en el 2019 a 53 durante el 2024.<\/p>\n\n\n\n<p>El Instituto de Control Vehicular (ICV), report\u00f3 que el n\u00famero de motos registrado en el Estado pas\u00f3 de 101 mil 949 en el 2019 a 190 mil 631 en el 2024, un alza del 87 por ciento.<\/p>\n\n\n\n<p>INAUGURAN INSTALACIONES DEL INNACE<\/p>\n\n\n\n<p>&nbsp;La directora del Consejo Nacional de Normalizaci\u00f3n y Certificaci\u00f3n de Competencias Laborales (CONOCER) de la Secretar\u00eda de Educaci\u00f3n, Guillermina Alvarado Moreno inaugur\u00f3 hoy las instalaciones del&nbsp; Instituto Nacional Certificador&nbsp; (INNACE).<\/p>\n\n\n\n<p>Este organismo forma parte de la Red CONOCER INNACE, mediante el cual se dar\u00e1 la certificaci\u00f3n a instituciones educativas, gubernamentales, de la sociedad civil y el sector privado que aspiren a la excelencia en sus procesos operativos, administrativos y de atenci\u00f3n al p\u00fablico en general.<\/p>\n\n\n\n<p>Las instalaciones de INNACE se localizan en la colonia Del Valle, en San Pedro Garza Garc\u00eda.<\/p>\n\n\n\n<p>Ren\u00e9 Mantec\u00f3n, director de INNACE,&nbsp; destac\u00f3 que en el pa\u00eds existe talento de gente trabajadora que da lo mejor de s\u00ed, pero sus conocimientos y experiencia laboral no se validan ni se valoran, por lo que INNACE ofrece la oportunidad de que las personas puedan certificar su desempe\u00f1o laboral de manera profesional, a fin de mejorar su calidad de vida.<\/p>\n\n\n\n<p>Mantec\u00f3n mencion\u00f3 que INNACE buscar\u00e1 replicar en diversos nucuoios de Nuevo Le\u00f3n y otros estados del pa\u00eds centros de certificaci\u00f3n, a fin de que un mayor n\u00famero de personas accedan a la validaci\u00f3n profesional de sus competencias laborales, mediante la participaci\u00f3n en cursos de capacitaci\u00f3n.<\/p>\n\n\n\n<p>A su vez, Guillermina Alvarado se\u00f1al\u00f3 que \u201cbuscamos ayudar a Nuevo Le\u00f3n y a M\u00e9xico en general, a alcanzar el nivel de certificaci\u00f3n laboral por competencias, un reto que conf\u00edo logremos superar en el mediano plazo para bien de muchas y muchos trabajadores\u201d.<\/p>\n\n\n\n<p>La directora de CONOCER destac\u00f3 la relevancia que implica para miles de personales el que organismos como INNACE ofrezca sus servicios de certificaci\u00f3n de sus competencias laborales.<\/p>\n","protected":false},"excerpt":{"rendered":"<p>Monterrey, N. L..-&nbsp; A fin de reducir el n\u00famero de accidentes viales con saldo mortal, el Consejo Nacional de Normalizaci\u00f3n y Certificaci\u00f3n de Competencias Laborales (CONOCER) de la Secretar\u00eda de Educaci\u00f3n, gestiona con los gobiernos estatales evaluar a los usuarios de motocicletas, para as\u00ed ser acreedores a sus licencias de manejo. Guillermina Alvarado Moreno, directora [&hellip;]<\/p>\n","protected":false},"author":1,"featured_media":133873,"comment_status":"open","ping_status":"open","sticky":true,"template":"","format":"standard","meta":{"footnotes":""},"categories":[6,5],"tags":[],"_links":{"self":[{"href":"https:\/\/diariodigitalmx.com\/index.php\/wp-json\/wp\/v2\/posts\/133871"}],"collection":[{"href":"https:\/\/diariodigitalmx.com\/index.php\/wp-json\/wp\/v2\/posts"}],"about":[{"href":"https:\/\/diariodigitalmx.com\/index.php\/wp-json\/wp\/v2\/types\/post"}],"author":[{"embeddable":true,"href":"https:\/\/diariodigitalmx.com\/index.php\/wp-json\/wp\/v2\/users\/1"}],"replies":[{"embeddable":true,"href":"https:\/\/diariodigitalmx.com\/index.php\/wp-json\/wp\/v2\/comments?post=133871"}],"version-history":[{"count":2,"href":"https:\/\/diariodigitalmx.com\/index.php\/wp-json\/wp\/v2\/posts\/133871\/revisions"}],"predecessor-version":[{"id":133876,"href":"https:\/\/diariodigitalmx.com\/index.php\/wp-json\/wp\/v2\/posts\/133871\/revisions\/133876"}],"wp:featuredmedia":[{"embeddable":true,"href":"https:\/\/diariodigitalmx.com\/index.php\/wp-json\/wp\/v2\/media\/133873"}],"wp:attachment":[{"href":"https:\/\/diariodigitalmx.com\/index.php\/wp-json\/wp\/v2\/media?parent=133871"}],"wp:term":[{"taxonomy":"category","embeddable":true,"href":"https:\/\/diariodigitalmx.com\/index.php\/wp-json\/wp\/v2\/categories?post=133871"},{"taxonomy":"post_tag","embeddable":true,"href":"https:\/\/diariodigitalmx.com\/index.php\/wp-json\/wp\/v2\/tags?post=133871"}],"curies":[{"name":"wp","href":"https:\/\/api.w.org\/{rel}","templated":true}]}}