{"id":133961,"date":"2025-04-17T09:06:24","date_gmt":"2025-04-17T15:06:24","guid":{"rendered":"https:\/\/diariodigitalmx.com\/?p=133961"},"modified":"2025-04-17T09:14:59","modified_gmt":"2025-04-17T15:14:59","slug":"en-los-ojos-del-fenix-3","status":"publish","type":"post","link":"https:\/\/diariodigitalmx.com\/index.php\/2025\/04\/17\/en-los-ojos-del-fenix-3\/","title":{"rendered":"En los ojos del f\u00e9nix"},"content":{"rendered":"\n<p><strong><em>\u201cPasi\u00f3n, Muerte y Resurrecci\u00f3n\u201d<\/em><\/strong><\/p>\n\n\n\n<p>Tania Espinoza<\/p>\n\n\n\n<p>Hace algunos d\u00edas le pregunte a la gente que conozco, \u00bfQue es para ti la Semana Santa? Las respuestas que obtuve fueron diversas, servicio, familia, uni\u00f3n, reflexi\u00f3n, fortaleza, bondad, agradecimiento, salvaci\u00f3n \u00bft\u00fa que me responder\u00edas?<\/p>\n\n\n\n<p>Innegablemente sea cual fuere tu ideolog\u00eda y credo estos d\u00edas nos invitan a tomarnos un minuto a solas y reflexionar que estamos dejando al pr\u00f3jimo, cual ha sido nuestra huella. \u00bfHemos vivido con pasi\u00f3n? \u00bfaceptamos la muerte como otro nivel de crecimiento? \u00bfCelebramos la resurrecci\u00f3n como la afirmaci\u00f3n de la vida eterna? en todo caso, para ti \u00bfEs teor\u00eda o practica? para mi nace de la conciencia, hemos estado platicando en las semanas anteriores que nace de la introspecci\u00f3n, es esa llama que ilumina nuestra alma, cuando la alineamos al amor incondicional y al servicio desinteresado, ya sea para nuestra gente cercana o al pr\u00f3jimo, estamos con este acto, viviendo con&nbsp;<strong>PASI\u00d3N.<\/strong>&nbsp;<\/p>\n\n\n\n<p>Y es en aquellos momentos que practicamos el desapego y aceptamos el ciclo de la vida, fluimos y soltamos personas, objetos, conductas e ideas limitantes que estamos con ello, aceptando la transformaci\u00f3n y la&nbsp;<strong>MUERTE<\/strong>; la cual no es m\u00e1s que evoluci\u00f3n.&nbsp; Es ese trabajo de luz personal que como en cadena nos lleva a descubrir la&nbsp;<strong>RESURECCI\u00d3N;<\/strong>&nbsp;Que es a mi consideraci\u00f3n, el momento m\u00e1s importante, ya que es el resultado de comprometernos en nuestro aprendizaje, el regalo tras dominar nuestras oscuridades, miedos, vulnerabilidades y fantasmas.<\/p>\n\n\n\n<p>Deseo que estos d\u00edas no queden solo en reflexi\u00f3n y realmente te inspiren y te impulsen, pero sobre todo nos iluminen con infinito amor y compasi\u00f3n para que all\u00e1 donde la vida nos ponga, sigamos conectado nuestra energ\u00eda y juntos le demos sentido a la frase siguiente:<\/p>\n\n\n\n<p><strong>\u201cQuien quiera ser el primero, que sea el \u00faltimo y el servidor de todos\u201d<\/strong><\/p>\n\n\n\n<p>&nbsp;#SomosF\u00e9nix by Tania Espinoza<\/p>\n","protected":false},"excerpt":{"rendered":"<p>\u201cPasi\u00f3n, Muerte y Resurrecci\u00f3n\u201d Tania Espinoza Hace algunos d\u00edas le pregunte a la gente que conozco, \u00bfQue es para ti la Semana Santa? Las respuestas que obtuve fueron diversas, servicio, familia, uni\u00f3n, reflexi\u00f3n, fortaleza, bondad, agradecimiento, salvaci\u00f3n \u00bft\u00fa que me responder\u00edas? Innegablemente sea cual fuere tu ideolog\u00eda y credo estos d\u00edas nos invitan a tomarnos [&hellip;]<\/p>\n","protected":false},"author":1,"featured_media":133970,"comment_status":"open","ping_status":"open","sticky":true,"template":"","format":"standard","meta":{"footnotes":""},"categories":[12,5],"tags":[],"_links":{"self":[{"href":"https:\/\/diariodigitalmx.com\/index.php\/wp-json\/wp\/v2\/posts\/133961"}],"collection":[{"href":"https:\/\/diariodigitalmx.com\/index.php\/wp-json\/wp\/v2\/posts"}],"about":[{"href":"https:\/\/diariodigitalmx.com\/index.php\/wp-json\/wp\/v2\/types\/post"}],"author":[{"embeddable":true,"href":"https:\/\/diariodigitalmx.com\/index.php\/wp-json\/wp\/v2\/users\/1"}],"replies":[{"embeddable":true,"href":"https:\/\/diariodigitalmx.com\/index.php\/wp-json\/wp\/v2\/comments?post=133961"}],"version-history":[{"count":4,"href":"https:\/\/diariodigitalmx.com\/index.php\/wp-json\/wp\/v2\/posts\/133961\/revisions"}],"predecessor-version":[{"id":133971,"href":"https:\/\/diariodigitalmx.com\/index.php\/wp-json\/wp\/v2\/posts\/133961\/revisions\/133971"}],"wp:featuredmedia":[{"embeddable":true,"href":"https:\/\/diariodigitalmx.com\/index.php\/wp-json\/wp\/v2\/media\/133970"}],"wp:attachment":[{"href":"https:\/\/diariodigitalmx.com\/index.php\/wp-json\/wp\/v2\/media?parent=133961"}],"wp:term":[{"taxonomy":"category","embeddable":true,"href":"https:\/\/diariodigitalmx.com\/index.php\/wp-json\/wp\/v2\/categories?post=133961"},{"taxonomy":"post_tag","embeddable":true,"href":"https:\/\/diariodigitalmx.com\/index.php\/wp-json\/wp\/v2\/tags?post=133961"}],"curies":[{"name":"wp","href":"https:\/\/api.w.org\/{rel}","templated":true}]}}