{"id":133975,"date":"2025-04-17T09:24:45","date_gmt":"2025-04-17T15:24:45","guid":{"rendered":"https:\/\/diariodigitalmx.com\/?p=133975"},"modified":"2025-04-17T09:26:28","modified_gmt":"2025-04-17T15:26:28","slug":"la-quema-del-judas","status":"publish","type":"post","link":"https:\/\/diariodigitalmx.com\/index.php\/2025\/04\/17\/la-quema-del-judas\/","title":{"rendered":"La quema del judas"},"content":{"rendered":"\n<p>Gerson G\u00f3mez Salas<\/p>\n\n\n\n<p>Es toda una tradici\u00f3n en la urbe norte\u00f1a. Menos el a\u00f1o de carest\u00eda de agua. Por asunto pol\u00edtico. Jam\u00e1s por evitar incendio.<\/p>\n\n\n\n<p>La colonia popular Obrerista se encuentra adjunta al primer cuadro de Monterrey. Los habitantes del predio son term\u00f3metro de inconformidad social. Cooperan entre ellos para pagar la pi\u00f1ata con el infausto nombre.<\/p>\n\n\n\n<p>Durante la verbena gritan toda clase de consignas. Cada arenga representa a miles de callados, disciplinados y olvidados.<\/p>\n\n\n\n<p>Todo Nuevo Le\u00f3n padece inestabilidad social improcedente. Mientras el gobierno estatal pasea por los Estados Unidos de Am\u00e9rica. En el mundo de las desilusiones capitalistas. La antigua tierra so\u00f1ada. Profunda de diferencias en el coraz\u00f3n enfebrecido. Su mes\u00edas a\u00fan no capta la dimensi\u00f3n de oprimir el bot\u00f3n rojo.<\/p>\n\n\n\n<p>John Steinbeck en las Uvas de la Ira, posteriores a la gran depresi\u00f3n de 1928, captur\u00f3 en la novela hecha filme, la tragedia de los agricultores y la lucha perdida contra las instituciones de cr\u00e9dito.<\/p>\n\n\n\n<p>Cada embargo mutil\u00f3 la esperanza de los pobladores. Sin otra opci\u00f3n lanzados al oc\u00e9ano de odio. Para llegar o no, a la soleada California.<\/p>\n\n\n\n<p>Un siglo m\u00e1s tarde, todo sigue igual.<\/p>\n\n\n\n<p>Mientras tanto, en la colonia Obrerista, en son de carrilla, de guasa y de tristeza ancestral, los vecinos har\u00e1n p\u00fablico el desencanto.<\/p>\n\n\n\n<p>Incrementar el precio del uso del transporte urbano por viaje ha calado en los bolsillos exiguos de las familias.<\/p>\n\n\n\n<p>Ese es uno de los judas acelerando el coraz\u00f3n de los humildes del concreto. Viva con ellos este s\u00e1bado el duelo. Acomp\u00e1\u00f1elos. Vea como existe y convive una sociedad moderadamente organizada.<\/p>\n","protected":false},"excerpt":{"rendered":"<p>Gerson G\u00f3mez Salas Es toda una tradici\u00f3n en la urbe norte\u00f1a. Menos el a\u00f1o de carest\u00eda de agua. Por asunto pol\u00edtico. Jam\u00e1s por evitar incendio. La colonia popular Obrerista se encuentra adjunta al primer cuadro de Monterrey. Los habitantes del predio son term\u00f3metro de inconformidad social. Cooperan entre ellos para pagar la pi\u00f1ata con el [&hellip;]<\/p>\n","protected":false},"author":1,"featured_media":132829,"comment_status":"open","ping_status":"open","sticky":true,"template":"","format":"standard","meta":{"footnotes":""},"categories":[12,5],"tags":[],"_links":{"self":[{"href":"https:\/\/diariodigitalmx.com\/index.php\/wp-json\/wp\/v2\/posts\/133975"}],"collection":[{"href":"https:\/\/diariodigitalmx.com\/index.php\/wp-json\/wp\/v2\/posts"}],"about":[{"href":"https:\/\/diariodigitalmx.com\/index.php\/wp-json\/wp\/v2\/types\/post"}],"author":[{"embeddable":true,"href":"https:\/\/diariodigitalmx.com\/index.php\/wp-json\/wp\/v2\/users\/1"}],"replies":[{"embeddable":true,"href":"https:\/\/diariodigitalmx.com\/index.php\/wp-json\/wp\/v2\/comments?post=133975"}],"version-history":[{"count":1,"href":"https:\/\/diariodigitalmx.com\/index.php\/wp-json\/wp\/v2\/posts\/133975\/revisions"}],"predecessor-version":[{"id":133976,"href":"https:\/\/diariodigitalmx.com\/index.php\/wp-json\/wp\/v2\/posts\/133975\/revisions\/133976"}],"wp:featuredmedia":[{"embeddable":true,"href":"https:\/\/diariodigitalmx.com\/index.php\/wp-json\/wp\/v2\/media\/132829"}],"wp:attachment":[{"href":"https:\/\/diariodigitalmx.com\/index.php\/wp-json\/wp\/v2\/media?parent=133975"}],"wp:term":[{"taxonomy":"category","embeddable":true,"href":"https:\/\/diariodigitalmx.com\/index.php\/wp-json\/wp\/v2\/categories?post=133975"},{"taxonomy":"post_tag","embeddable":true,"href":"https:\/\/diariodigitalmx.com\/index.php\/wp-json\/wp\/v2\/tags?post=133975"}],"curies":[{"name":"wp","href":"https:\/\/api.w.org\/{rel}","templated":true}]}}