{"id":134048,"date":"2025-04-21T11:44:15","date_gmt":"2025-04-21T17:44:15","guid":{"rendered":"https:\/\/diariodigitalmx.com\/?p=134048"},"modified":"2025-04-21T13:03:05","modified_gmt":"2025-04-21T19:03:05","slug":"asi-sean-los-funerales-del-papa-francisco","status":"publish","type":"post","link":"https:\/\/diariodigitalmx.com\/index.php\/2025\/04\/21\/asi-sean-los-funerales-del-papa-francisco\/","title":{"rendered":"As\u00ed ser\u00e1n los funerales del Papa Francisco"},"content":{"rendered":"\n<p>El&nbsp;<strong>Papa Francisco<\/strong>&nbsp;expres\u00f3 su deseo de ser inhumado en la bas\u00edlica de Santa Mar\u00eda la Mayor de Roma. Esto se debe a la gran devoci\u00f3n que le ten\u00eda&nbsp;a la Virgen Salus Populi Romani, cuya imagen se encuentra en este templo.<\/p>\n\n\n\n<p><strong>Primera Estaci\u00f3n (Tras el fallecimiento):<\/strong><\/p>\n\n\n\n<ul>\n<li>La confirmaci\u00f3n del deceso tendr\u00e1 lugar en su capilla privada en lugar de la habitaci\u00f3n.<\/li>\n\n\n\n<li>El cuerpo ser\u00e1 depositado inmediatamente en un \u00fanico ata\u00fad de madera con el interior de zinc, prescindiendo de los tradicionales tres f\u00e9retros (cipr\u00e9s, plomo y roble).<\/li>\n\n\n\n<li>Se elimina el uso del catafalco.<\/li>\n\n\n\n<li>Como la deposici\u00f3n del f\u00e9retro se realizar\u00e1 tras la confirmaci\u00f3n de la muerte, el f\u00e9retro se cerrar\u00e1 la v\u00edspera de la misa exequial.<\/li>\n\n\n\n<li>Se elimin\u00f3 el traslado del cuerpo a la capilla del Palacio Apost\u00f3lico, ya que Francisco resid\u00eda en la Casa Santa Marta.<\/li>\n<\/ul>\n\n\n\n<p><strong>Segunda Estaci\u00f3n (Exposici\u00f3n y Misa Exequial):<\/strong><\/p>\n\n\n\n<ul>\n<li>El cuerpo se expondr\u00e1 directamente a los fieles en la bas\u00edlica de San Pedro del Vaticano en el f\u00e9retro abierto, a las\u00a0\u00a020:00 horas tiempo\u00a0de Roma.<\/li>\n\n\n\n<li>El b\u00e1culo papal se colocar\u00e1 junto al f\u00e9retro durante esta exposici\u00f3n. Sin embargo, otra parte menciona que tampoco se colocar\u00e1 el b\u00e1culo papal junto al f\u00e9retro durante esta exposici\u00f3n. Es importante notar esta posible contradicci\u00f3n entre las fuentes.<\/li>\n\n\n\n<li>La misa de exequias ser\u00e1 presidida por el cardenal camarlengo y el decano del colegio cardenalicio, quienes vestir\u00e1n ornamentos de color rojo.<\/li>\n<\/ul>\n\n\n\n<p><strong>Tercera Estaci\u00f3n (Entierro):<\/strong><\/p>\n\n\n\n<ul>\n<li>Se introduce la posibilidad de la inhumaci\u00f3n en un lugar distinto a la bas\u00edlica de San Pedro del Vaticano.<\/li>\n\n\n\n<li>Se elimina la tradici\u00f3n de enterrar a los papas en tres ata\u00fades.<\/li>\n<\/ul>\n\n\n\n<p><strong>Otros Cambios:<\/strong><\/p>\n\n\n\n<ul>\n<li>Durante las ceremonias religiosas se usar\u00e1n t\u00edtulos m\u00e1s sencillos, eliminando la alusi\u00f3n \u2018Romano Pont\u00edfice\u2019.<\/li>\n\n\n\n<li>Aunque se mantiene la figura del camarlengo, se ha eliminado la \u2018C\u00e1mara Apost\u00f3lica\u2019.<\/li>\n<\/ul>\n","protected":false},"excerpt":{"rendered":"<p>El&nbsp;Papa Francisco&nbsp;expres\u00f3 su deseo de ser inhumado en la bas\u00edlica de Santa Mar\u00eda la Mayor de Roma. Esto se debe a la gran devoci\u00f3n que le ten\u00eda&nbsp;a la Virgen Salus Populi Romani, cuya imagen se encuentra en este templo. Primera Estaci\u00f3n (Tras el fallecimiento): Segunda Estaci\u00f3n (Exposici\u00f3n y Misa Exequial): Tercera Estaci\u00f3n (Entierro): Otros Cambios:<\/p>\n","protected":false},"author":1,"featured_media":134025,"comment_status":"open","ping_status":"open","sticky":true,"template":"","format":"standard","meta":{"footnotes":""},"categories":[4,5],"tags":[],"_links":{"self":[{"href":"https:\/\/diariodigitalmx.com\/index.php\/wp-json\/wp\/v2\/posts\/134048"}],"collection":[{"href":"https:\/\/diariodigitalmx.com\/index.php\/wp-json\/wp\/v2\/posts"}],"about":[{"href":"https:\/\/diariodigitalmx.com\/index.php\/wp-json\/wp\/v2\/types\/post"}],"author":[{"embeddable":true,"href":"https:\/\/diariodigitalmx.com\/index.php\/wp-json\/wp\/v2\/users\/1"}],"replies":[{"embeddable":true,"href":"https:\/\/diariodigitalmx.com\/index.php\/wp-json\/wp\/v2\/comments?post=134048"}],"version-history":[{"count":2,"href":"https:\/\/diariodigitalmx.com\/index.php\/wp-json\/wp\/v2\/posts\/134048\/revisions"}],"predecessor-version":[{"id":134063,"href":"https:\/\/diariodigitalmx.com\/index.php\/wp-json\/wp\/v2\/posts\/134048\/revisions\/134063"}],"wp:featuredmedia":[{"embeddable":true,"href":"https:\/\/diariodigitalmx.com\/index.php\/wp-json\/wp\/v2\/media\/134025"}],"wp:attachment":[{"href":"https:\/\/diariodigitalmx.com\/index.php\/wp-json\/wp\/v2\/media?parent=134048"}],"wp:term":[{"taxonomy":"category","embeddable":true,"href":"https:\/\/diariodigitalmx.com\/index.php\/wp-json\/wp\/v2\/categories?post=134048"},{"taxonomy":"post_tag","embeddable":true,"href":"https:\/\/diariodigitalmx.com\/index.php\/wp-json\/wp\/v2\/tags?post=134048"}],"curies":[{"name":"wp","href":"https:\/\/api.w.org\/{rel}","templated":true}]}}