{"id":134061,"date":"2025-04-21T13:02:41","date_gmt":"2025-04-21T19:02:41","guid":{"rendered":"https:\/\/diariodigitalmx.com\/?p=134061"},"modified":"2025-04-21T13:06:56","modified_gmt":"2025-04-21T19:06:56","slug":"un-derrame-cerebral-causo-la-muerte-de-francisco","status":"publish","type":"post","link":"https:\/\/diariodigitalmx.com\/index.php\/2025\/04\/21\/un-derrame-cerebral-causo-la-muerte-de-francisco\/","title":{"rendered":"Un derrame cerebral caus\u00f3 la muerte de Francisco"},"content":{"rendered":"\n<p>Fue un derrame cerebral y una posterior insuficiencia card\u00edaca irreversible la causa de la muerte del Papa Francisco, inform\u00f3 el m\u00e9dico del Vaticano Andrea Arcangeli en el certificado de defunci\u00f3n del Pont\u00edfice.<\/p>\n\n\n\n<p>&#8220;Derrame cerebral, coma, colapso cardiovascular irreversible. Estas son las causas de la muerte del Papa Francisco, ocurrida a las 7:35 de esta ma\u00f1ana en su apartamento de la Casa Santa Marta&#8221;, se\u00f1ala un comunicado de la Santa Sede<\/p>\n\n\n\n<p>&#8220;As\u00ed lo ha certificado el profesor Andrea Arcangeli, director de la Direcci\u00f3n de Sanidad e Higiene del Estado de la Ciudad del Vaticano, en el informe de defunci\u00f3n publicado esta tarde por la Oficina de Prensa de la Santa Sede&#8221;, destaca.<\/p>\n\n\n\n<p>&#8220;El documento m\u00e9dico indica que el Papa ten\u00eda antecedentes de insuficiencia respiratoria aguda en neumon\u00eda bilateral multimicrobiana, bronquiectasias m\u00faltiples, hipertensi\u00f3n y diabetes de tipo II&#8221;, abunda.<\/p>\n\n\n\n<p>El certificado, publicado el lunes por el Vaticano, puntualiza que el Papa hab\u00eda ca\u00eddo en coma antes de su muerte en la madrugada del lunes.<br><br><br><\/p>\n","protected":false},"excerpt":{"rendered":"<p>Fue un derrame cerebral y una posterior insuficiencia card\u00edaca irreversible la causa de la muerte del Papa Francisco, inform\u00f3 el m\u00e9dico del Vaticano Andrea Arcangeli en el certificado de defunci\u00f3n del Pont\u00edfice. &#8220;Derrame cerebral, coma, colapso cardiovascular irreversible. Estas son las causas de la muerte del Papa Francisco, ocurrida a las 7:35 de esta ma\u00f1ana [&hellip;]<\/p>\n","protected":false},"author":1,"featured_media":134064,"comment_status":"open","ping_status":"open","sticky":true,"template":"","format":"standard","meta":{"footnotes":""},"categories":[14,4],"tags":[],"_links":{"self":[{"href":"https:\/\/diariodigitalmx.com\/index.php\/wp-json\/wp\/v2\/posts\/134061"}],"collection":[{"href":"https:\/\/diariodigitalmx.com\/index.php\/wp-json\/wp\/v2\/posts"}],"about":[{"href":"https:\/\/diariodigitalmx.com\/index.php\/wp-json\/wp\/v2\/types\/post"}],"author":[{"embeddable":true,"href":"https:\/\/diariodigitalmx.com\/index.php\/wp-json\/wp\/v2\/users\/1"}],"replies":[{"embeddable":true,"href":"https:\/\/diariodigitalmx.com\/index.php\/wp-json\/wp\/v2\/comments?post=134061"}],"version-history":[{"count":1,"href":"https:\/\/diariodigitalmx.com\/index.php\/wp-json\/wp\/v2\/posts\/134061\/revisions"}],"predecessor-version":[{"id":134062,"href":"https:\/\/diariodigitalmx.com\/index.php\/wp-json\/wp\/v2\/posts\/134061\/revisions\/134062"}],"wp:featuredmedia":[{"embeddable":true,"href":"https:\/\/diariodigitalmx.com\/index.php\/wp-json\/wp\/v2\/media\/134064"}],"wp:attachment":[{"href":"https:\/\/diariodigitalmx.com\/index.php\/wp-json\/wp\/v2\/media?parent=134061"}],"wp:term":[{"taxonomy":"category","embeddable":true,"href":"https:\/\/diariodigitalmx.com\/index.php\/wp-json\/wp\/v2\/categories?post=134061"},{"taxonomy":"post_tag","embeddable":true,"href":"https:\/\/diariodigitalmx.com\/index.php\/wp-json\/wp\/v2\/tags?post=134061"}],"curies":[{"name":"wp","href":"https:\/\/api.w.org\/{rel}","templated":true}]}}