{"id":134068,"date":"2025-04-21T18:04:13","date_gmt":"2025-04-22T00:04:13","guid":{"rendered":"https:\/\/diariodigitalmx.com\/?p=134068"},"modified":"2025-04-21T18:08:33","modified_gmt":"2025-04-22T00:08:33","slug":"asi-dispuso-su-sepulcro-el-papa-francisco","status":"publish","type":"post","link":"https:\/\/diariodigitalmx.com\/index.php\/2025\/04\/21\/asi-dispuso-su-sepulcro-el-papa-francisco\/","title":{"rendered":"As\u00ed dispuso su sepulcro el Papa Francisco"},"content":{"rendered":"\n<p>El<strong>&nbsp;Papa Francisco<\/strong>&nbsp;comunic\u00f3 su voluntad de un sepulcro sencillo, en una bas\u00edlica de&nbsp;<strong>Roma<\/strong>&nbsp;dedicada al culto de&nbsp;<strong>Mar\u00eda y gir\u00f3 instrucciones donde debe ser su sepultura.<\/strong><\/p>\n\n\n\n<p>&#8220;Sintiendo que se acerca el ocaso de mi vida terrenal y con una viva esperanza en la vida eterna, deseo expresar mi voluntad testamentaria \u00fanicamente en lo que respecta al lugar de mi sepultura&#8221;, se\u00f1ala un testamento del Papa, fechado&nbsp;el 29 de junio de 2022.<\/p>\n\n\n\n<p>Adem\u00e1s Francisco pidi\u00f3 un sepulcro &#8220;de tierra, sencillo, sin ninguna decoraci\u00f3n particular y con una \u00fanica inscripci\u00f3n: Franciscus&#8221;.<\/p>\n\n\n\n<p>Tambi\u00e9n deja por escrito que sus restos mortales &#8220;descansen, esperando el D\u00eda de la Resurrecci\u00f3n, en la bas\u00edlica papal de Santa Mar\u00eda la Mayor&#8221;, en el centro de Roma.<\/p>\n\n\n\n<p>&#8220;El nicho ubicado en la nave lateral entre la capilla Paolina (capilla de Salus Populi Romani) y la capilla Sforza de la mencionada bas\u00edlica papal&#8221;.\u00f1, es el lugar donde deben quedar sus restos.<\/p>\n\n\n\n<p>Francisco muri\u00f3 a los 88 a\u00f1os de edad.<\/p>\n","protected":false},"excerpt":{"rendered":"<p>El&nbsp;Papa Francisco&nbsp;comunic\u00f3 su voluntad de un sepulcro sencillo, en una bas\u00edlica de&nbsp;Roma&nbsp;dedicada al culto de&nbsp;Mar\u00eda y gir\u00f3 instrucciones donde debe ser su sepultura. &#8220;Sintiendo que se acerca el ocaso de mi vida terrenal y con una viva esperanza en la vida eterna, deseo expresar mi voluntad testamentaria \u00fanicamente en lo que respecta al lugar de [&hellip;]<\/p>\n","protected":false},"author":1,"featured_media":134070,"comment_status":"open","ping_status":"open","sticky":true,"template":"","format":"standard","meta":{"footnotes":""},"categories":[14,4],"tags":[],"_links":{"self":[{"href":"https:\/\/diariodigitalmx.com\/index.php\/wp-json\/wp\/v2\/posts\/134068"}],"collection":[{"href":"https:\/\/diariodigitalmx.com\/index.php\/wp-json\/wp\/v2\/posts"}],"about":[{"href":"https:\/\/diariodigitalmx.com\/index.php\/wp-json\/wp\/v2\/types\/post"}],"author":[{"embeddable":true,"href":"https:\/\/diariodigitalmx.com\/index.php\/wp-json\/wp\/v2\/users\/1"}],"replies":[{"embeddable":true,"href":"https:\/\/diariodigitalmx.com\/index.php\/wp-json\/wp\/v2\/comments?post=134068"}],"version-history":[{"count":1,"href":"https:\/\/diariodigitalmx.com\/index.php\/wp-json\/wp\/v2\/posts\/134068\/revisions"}],"predecessor-version":[{"id":134069,"href":"https:\/\/diariodigitalmx.com\/index.php\/wp-json\/wp\/v2\/posts\/134068\/revisions\/134069"}],"wp:featuredmedia":[{"embeddable":true,"href":"https:\/\/diariodigitalmx.com\/index.php\/wp-json\/wp\/v2\/media\/134070"}],"wp:attachment":[{"href":"https:\/\/diariodigitalmx.com\/index.php\/wp-json\/wp\/v2\/media?parent=134068"}],"wp:term":[{"taxonomy":"category","embeddable":true,"href":"https:\/\/diariodigitalmx.com\/index.php\/wp-json\/wp\/v2\/categories?post=134068"},{"taxonomy":"post_tag","embeddable":true,"href":"https:\/\/diariodigitalmx.com\/index.php\/wp-json\/wp\/v2\/tags?post=134068"}],"curies":[{"name":"wp","href":"https:\/\/api.w.org\/{rel}","templated":true}]}}