{"id":134082,"date":"2025-04-22T06:32:06","date_gmt":"2025-04-22T12:32:06","guid":{"rendered":"https:\/\/diariodigitalmx.com\/?p=134082"},"modified":"2025-04-22T06:34:55","modified_gmt":"2025-04-22T12:34:55","slug":"activa-guardia-estatal-plan-tamaulipas-en-matamoros-tras-fuertes-lluvias","status":"publish","type":"post","link":"https:\/\/diariodigitalmx.com\/index.php\/2025\/04\/22\/activa-guardia-estatal-plan-tamaulipas-en-matamoros-tras-fuertes-lluvias\/","title":{"rendered":"Activa Guardia Estatal Plan Tamaulipas en Matamoros tras fuertes lluvias"},"content":{"rendered":"\n<figure class=\"wp-block-image size-large\"><img loading=\"lazy\" decoding=\"async\" width=\"1024\" height=\"576\" src=\"https:\/\/diariodigitalmx.com\/wp-content\/uploads\/2025\/04\/IMG-20250421-WA0205-1024x576.jpg\" alt=\"\" class=\"wp-image-134087\" srcset=\"https:\/\/diariodigitalmx.com\/wp-content\/uploads\/2025\/04\/IMG-20250421-WA0205-1024x576.jpg 1024w, https:\/\/diariodigitalmx.com\/wp-content\/uploads\/2025\/04\/IMG-20250421-WA0205-300x169.jpg 300w, https:\/\/diariodigitalmx.com\/wp-content\/uploads\/2025\/04\/IMG-20250421-WA0205-768x432.jpg 768w, https:\/\/diariodigitalmx.com\/wp-content\/uploads\/2025\/04\/IMG-20250421-WA0205-1536x864.jpg 1536w, https:\/\/diariodigitalmx.com\/wp-content\/uploads\/2025\/04\/IMG-20250421-WA0205.jpg 1600w\" sizes=\"(max-width: 1024px) 100vw, 1024px\" \/><\/figure>\n\n\n\n<p>Matamoros, Tamaulipas.- En respuesta a las fuertes lluvias registradas en Matamoros debido al ingreso de una tormenta, elementos de la Guardia Estatal activaron el Plan Tamaulipas con el objetivo de brindar apoyo a la poblaci\u00f3n afectada por encharcamientos e inundaciones en algunos sectores.&nbsp;<\/p>\n\n\n\n<p>El personal operativo se despleg\u00f3 en diversas zonas de la ciudad consideradas de alta vulnerabilidad, entre ellas las colonias Acuario 2000, Lucero, Los \u00c9banos y Azteca, adem\u00e1s de vialidades como la avenida Leyes de Reforma, Canales, avenida Marte G\u00f3mez, avenida Pedro C\u00e1rdenas y la avenida Los Palmares del fraccionamiento Palmares.<\/p>\n\n\n\n<figure class=\"wp-block-gallery has-nested-images columns-default is-cropped wp-block-gallery-1 is-layout-flex wp-block-gallery-is-layout-flex\">\n<figure class=\"wp-block-image size-large\"><img loading=\"lazy\" decoding=\"async\" width=\"1024\" height=\"577\" data-id=\"134088\" src=\"https:\/\/diariodigitalmx.com\/wp-content\/uploads\/2025\/04\/IMG-20250421-WA0203-1024x577.jpg\" alt=\"\" class=\"wp-image-134088\" srcset=\"https:\/\/diariodigitalmx.com\/wp-content\/uploads\/2025\/04\/IMG-20250421-WA0203-1024x577.jpg 1024w, https:\/\/diariodigitalmx.com\/wp-content\/uploads\/2025\/04\/IMG-20250421-WA0203-300x169.jpg 300w, https:\/\/diariodigitalmx.com\/wp-content\/uploads\/2025\/04\/IMG-20250421-WA0203-768x432.jpg 768w, https:\/\/diariodigitalmx.com\/wp-content\/uploads\/2025\/04\/IMG-20250421-WA0203-1536x865.jpg 1536w, https:\/\/diariodigitalmx.com\/wp-content\/uploads\/2025\/04\/IMG-20250421-WA0203.jpg 1600w\" sizes=\"(max-width: 1024px) 100vw, 1024px\" \/><\/figure>\n\n\n\n<figure class=\"wp-block-image size-large\"><img loading=\"lazy\" decoding=\"async\" width=\"1024\" height=\"768\" data-id=\"134089\" src=\"https:\/\/diariodigitalmx.com\/wp-content\/uploads\/2025\/04\/IMG-20250421-WA0201-1024x768.jpg\" alt=\"\" class=\"wp-image-134089\" srcset=\"https:\/\/diariodigitalmx.com\/wp-content\/uploads\/2025\/04\/IMG-20250421-WA0201-1024x768.jpg 1024w, https:\/\/diariodigitalmx.com\/wp-content\/uploads\/2025\/04\/IMG-20250421-WA0201-300x225.jpg 300w, https:\/\/diariodigitalmx.com\/wp-content\/uploads\/2025\/04\/IMG-20250421-WA0201-768x576.jpg 768w, https:\/\/diariodigitalmx.com\/wp-content\/uploads\/2025\/04\/IMG-20250421-WA0201-1536x1152.jpg 1536w, https:\/\/diariodigitalmx.com\/wp-content\/uploads\/2025\/04\/IMG-20250421-WA0201.jpg 1600w\" sizes=\"(max-width: 1024px) 100vw, 1024px\" \/><\/figure>\n<\/figure>\n\n\n\n<p>Durante el operativo, se prest\u00f3 apoyo a veh\u00edculos que sufrieron fallas mec\u00e1nicas a causa del acumulamiento de agua en las calles.&nbsp;<\/p>\n\n\n\n<p>Las acciones de auxilio se realizaron con estricto apego a los protocolos de seguridad y protecci\u00f3n civil, con la finalidad de salvaguardar la integridad de las y los ciudadanos.<\/p>\n\n\n\n<p>Las autoridades contin\u00faan monitoreando la situaci\u00f3n para actuar de manera oportuna ante cualquier eventualidad que represente riesgo para la poblaci\u00f3n.<\/p>\n","protected":false},"excerpt":{"rendered":"<p>Matamoros, Tamaulipas.- En respuesta a las fuertes lluvias registradas en Matamoros debido al ingreso de una tormenta, elementos de la Guardia Estatal activaron el Plan Tamaulipas con el objetivo de brindar apoyo a la poblaci\u00f3n afectada por encharcamientos e inundaciones en algunos sectores.&nbsp; El personal operativo se despleg\u00f3 en diversas zonas de la ciudad consideradas [&hellip;]<\/p>\n","protected":false},"author":1,"featured_media":134085,"comment_status":"open","ping_status":"open","sticky":true,"template":"","format":"standard","meta":{"footnotes":""},"categories":[19],"tags":[],"_links":{"self":[{"href":"https:\/\/diariodigitalmx.com\/index.php\/wp-json\/wp\/v2\/posts\/134082"}],"collection":[{"href":"https:\/\/diariodigitalmx.com\/index.php\/wp-json\/wp\/v2\/posts"}],"about":[{"href":"https:\/\/diariodigitalmx.com\/index.php\/wp-json\/wp\/v2\/types\/post"}],"author":[{"embeddable":true,"href":"https:\/\/diariodigitalmx.com\/index.php\/wp-json\/wp\/v2\/users\/1"}],"replies":[{"embeddable":true,"href":"https:\/\/diariodigitalmx.com\/index.php\/wp-json\/wp\/v2\/comments?post=134082"}],"version-history":[{"count":3,"href":"https:\/\/diariodigitalmx.com\/index.php\/wp-json\/wp\/v2\/posts\/134082\/revisions"}],"predecessor-version":[{"id":134090,"href":"https:\/\/diariodigitalmx.com\/index.php\/wp-json\/wp\/v2\/posts\/134082\/revisions\/134090"}],"wp:featuredmedia":[{"embeddable":true,"href":"https:\/\/diariodigitalmx.com\/index.php\/wp-json\/wp\/v2\/media\/134085"}],"wp:attachment":[{"href":"https:\/\/diariodigitalmx.com\/index.php\/wp-json\/wp\/v2\/media?parent=134082"}],"wp:term":[{"taxonomy":"category","embeddable":true,"href":"https:\/\/diariodigitalmx.com\/index.php\/wp-json\/wp\/v2\/categories?post=134082"},{"taxonomy":"post_tag","embeddable":true,"href":"https:\/\/diariodigitalmx.com\/index.php\/wp-json\/wp\/v2\/tags?post=134082"}],"curies":[{"name":"wp","href":"https:\/\/api.w.org\/{rel}","templated":true}]}}