{"id":134092,"date":"2025-04-22T08:21:19","date_gmt":"2025-04-22T14:21:19","guid":{"rendered":"https:\/\/diariodigitalmx.com\/?p=134092"},"modified":"2025-04-22T08:23:10","modified_gmt":"2025-04-22T14:23:10","slug":"aguas-con-el-agua-3","status":"publish","type":"post","link":"https:\/\/diariodigitalmx.com\/index.php\/2025\/04\/22\/aguas-con-el-agua-3\/","title":{"rendered":"\u00a1Aguas con el agua!"},"content":{"rendered":"\n<p>Ra\u00fal Guajardo Cant\u00fa&nbsp;<\/p>\n\n\n\n<p>No hay duda de que en lo que va del gobierno de Samuel Garc\u00eda, la peor crisis que le ha tocado enfrentar, independientemente de las presupuestales, es la de la falta de agua para consumo humano que se present\u00f3 hace 2 a\u00f1os, casi al inicio de su sexenio.<\/p>\n\n\n\n<p>Tan grave fue que tuvo que recurrir a medidas extremas como la construcci\u00f3n en tiempo r\u00e9cord del Acueducto II de la presa El Cuchillo para mejorar su imagen y se\u00f1alar que algo estaba haciendo para enfrentar la crisis.<\/p>\n\n\n\n<p>Sin embargo las lluvias que se presentaron afortunadamente para \u00e9l fue lo que salv\u00f3 la situaci\u00f3n, la cual pudiera repetirse hacia el final de su sexenio y en pleno proceso electoral en caso de que el agua de la presa El Cuchillo sea utilizada para pagar la deuda que se tiene con Estados Unidos.<\/p>\n\n\n\n<p>Como hemos sido testigos, el gobierno estadounidense presiona al de M\u00e9xico para que act\u00fae de acuerdo a sus intereses a trav\u00e9s de la aplicaci\u00f3n de aranceles de muy diferente tipo y bajo distintos pretextos, ahora ha tra\u00eddo a colaci\u00f3n la deuda hist\u00f3rica de agua que tiene nuestro pa\u00eds con ellos para se\u00f1alar que si no se paga se aplicar\u00e1n \u201ctarifas\u201d a diferentes productos mexicanos de exportaci\u00f3n lo cual ser\u00eda grave para la econom\u00eda nacional.<\/p>\n\n\n\n<p>As\u00ed es que no es de dudarse que la presidenta Claudia Sheinbaum acepte pagar el agua pese a que haya declarado que no se puede dar lo que no se tiene debido a la sequ\u00eda que se ha presentado los \u00faltimos a\u00f1os.<\/p>\n\n\n\n<p>El caso es que s\u00ed hay agua para dar un pago importante a nuestros vecinos del norte, pero sucede que esa agua es para consumo humano y se encuentra en El Cuchillo y est\u00e1 sujeta a algunos asegunes legales.<\/p>\n\n\n\n<p>Samuel, al menos hasta ahora, no ha salido a explicar qu\u00e9 se est\u00e1 haciendo ante la posibilidad de que la deuda se pague recurriendo al agua de El Cuchillo, como s\u00ed lo han hecho diferentes actores tamaulipecos.<\/p>\n\n\n\n<p>Los nuevoleoneses nos tronamos los dedos pensando en la posibilidad de que nos quedemos sin el agua tan necesaria para la vida cotidiana como lo demostr\u00f3 la crisis pasada.<\/p>\n\n\n\n<p>El gobernador no ha reaccionado ante la posibilidad de que nuestra agua vaya a ser utilizada para saldar cuentas con EU y apaciguar a Trump. \u00c9l anda en lo suyo, atrayendo inversiones y pensando en que se le recordar\u00e1 como el gobernante que atrajo m\u00e1s inversi\u00f3n al estado, sin darse cuenta de que tambi\u00e9n puede pasar a la historia como el que no defendi\u00f3 el agua.<\/p>\n\n\n\n<p>Esperemos que el gobernador del estado haga todo lo que est\u00e9 en sus manos para evitar que nos quedemos sin agua, aunque sea que lo haga en defensa propia, de su partido, con miras a las elecciones de 2027, pero que lo haga.<\/p>\n\n\n\n<p>En caso contrario, prep\u00e1rese para lo que viene y saque sus botecitos para juntar el agua que requiera. Ahora s\u00ed que debemos prepararnos porque parece o\u00edrse ya el grito: \u00a1Aguas con el agua!<\/p>\n","protected":false},"excerpt":{"rendered":"<p>Ra\u00fal Guajardo Cant\u00fa&nbsp; No hay duda de que en lo que va del gobierno de Samuel Garc\u00eda, la peor crisis que le ha tocado enfrentar, independientemente de las presupuestales, es la de la falta de agua para consumo humano que se present\u00f3 hace 2 a\u00f1os, casi al inicio de su sexenio. Tan grave fue que [&hellip;]<\/p>\n","protected":false},"author":1,"featured_media":132521,"comment_status":"open","ping_status":"open","sticky":true,"template":"","format":"standard","meta":{"footnotes":""},"categories":[12],"tags":[],"_links":{"self":[{"href":"https:\/\/diariodigitalmx.com\/index.php\/wp-json\/wp\/v2\/posts\/134092"}],"collection":[{"href":"https:\/\/diariodigitalmx.com\/index.php\/wp-json\/wp\/v2\/posts"}],"about":[{"href":"https:\/\/diariodigitalmx.com\/index.php\/wp-json\/wp\/v2\/types\/post"}],"author":[{"embeddable":true,"href":"https:\/\/diariodigitalmx.com\/index.php\/wp-json\/wp\/v2\/users\/1"}],"replies":[{"embeddable":true,"href":"https:\/\/diariodigitalmx.com\/index.php\/wp-json\/wp\/v2\/comments?post=134092"}],"version-history":[{"count":1,"href":"https:\/\/diariodigitalmx.com\/index.php\/wp-json\/wp\/v2\/posts\/134092\/revisions"}],"predecessor-version":[{"id":134093,"href":"https:\/\/diariodigitalmx.com\/index.php\/wp-json\/wp\/v2\/posts\/134092\/revisions\/134093"}],"wp:featuredmedia":[{"embeddable":true,"href":"https:\/\/diariodigitalmx.com\/index.php\/wp-json\/wp\/v2\/media\/132521"}],"wp:attachment":[{"href":"https:\/\/diariodigitalmx.com\/index.php\/wp-json\/wp\/v2\/media?parent=134092"}],"wp:term":[{"taxonomy":"category","embeddable":true,"href":"https:\/\/diariodigitalmx.com\/index.php\/wp-json\/wp\/v2\/categories?post=134092"},{"taxonomy":"post_tag","embeddable":true,"href":"https:\/\/diariodigitalmx.com\/index.php\/wp-json\/wp\/v2\/tags?post=134092"}],"curies":[{"name":"wp","href":"https:\/\/api.w.org\/{rel}","templated":true}]}}