{"id":134095,"date":"2025-04-22T20:58:44","date_gmt":"2025-04-23T02:58:44","guid":{"rendered":"https:\/\/diariodigitalmx.com\/?p=134095"},"modified":"2025-04-22T22:02:20","modified_gmt":"2025-04-23T04:02:20","slug":"mejora-escobedo-la-percepcion-de-la-seguridad","status":"publish","type":"post","link":"https:\/\/diariodigitalmx.com\/index.php\/2025\/04\/22\/mejora-escobedo-la-percepcion-de-la-seguridad\/","title":{"rendered":"Mejora Escobedo la percepci\u00f3n de la seguridad"},"content":{"rendered":"\n<p>De acuerdo a la reciente Encuesta Nacional de Seguridad P\u00fablica y Urbana (ENSU) realizada por INEGI, residentes del municipio de Escobedo respondieron que en esta Ciudad ha mejorado la precepci\u00f3n de seguridad.<br>Personal de INEGI realiz\u00f3 el sondeo el pasado mes de marzo, el cual arroj\u00f3 una calificaci\u00f3n del 46.2 por ciento de percepci\u00f3n de inseguridad, ubicando a Escobedo como uno de los municipios mejor posicionados a nivel estatal y nacional.<br>Esta calificaci\u00f3n bajo en un 16 por ciento en comparaci\u00f3n al mismo periodo del 2024, cuando la ENSU posicion\u00f3 a Escobedo con una calificaci\u00f3n del 55.4 por ciento en percepci\u00f3n de seguridad.<\/p>\n\n\n\n<figure class=\"wp-block-image size-large\"><img loading=\"lazy\" decoding=\"async\" width=\"1024\" height=\"682\" src=\"https:\/\/diariodigitalmx.com\/wp-content\/uploads\/2025\/04\/photo_5044267956636331219_y-1024x682.jpg\" alt=\"\" class=\"wp-image-134097\" srcset=\"https:\/\/diariodigitalmx.com\/wp-content\/uploads\/2025\/04\/photo_5044267956636331219_y-1024x682.jpg 1024w, https:\/\/diariodigitalmx.com\/wp-content\/uploads\/2025\/04\/photo_5044267956636331219_y-300x200.jpg 300w, https:\/\/diariodigitalmx.com\/wp-content\/uploads\/2025\/04\/photo_5044267956636331219_y-768x512.jpg 768w, https:\/\/diariodigitalmx.com\/wp-content\/uploads\/2025\/04\/photo_5044267956636331219_y.jpg 1280w\" sizes=\"(max-width: 1024px) 100vw, 1024px\" \/><\/figure>\n\n\n\n<p>En lo que se refiere a mejora de la seguridad, el Municipio de Escobedo ocupa el cuarto lugar a nivel Estatal, y el 26 de un total de 90 ciudades evaluadas a nivel nacional.<br>La evaluaci\u00f3n de marzo indica una reducci\u00f3n del 16 por ciento, unos 9.2 puntos en comparaci\u00f3n con el mismo periodo de 2024, y una reducci\u00f3n del 4 por ciento, lo que se traduce en 1.7 puntos en comparaci\u00f3n con el mes pasado de diciembre.<\/p>\n\n\n\n<figure class=\"wp-block-image size-full\"><img loading=\"lazy\" decoding=\"async\" width=\"706\" height=\"563\" src=\"https:\/\/diariodigitalmx.com\/wp-content\/uploads\/2025\/04\/photo_5042016156822646424_y.jpg\" alt=\"\" class=\"wp-image-134099\" srcset=\"https:\/\/diariodigitalmx.com\/wp-content\/uploads\/2025\/04\/photo_5042016156822646424_y.jpg 706w, https:\/\/diariodigitalmx.com\/wp-content\/uploads\/2025\/04\/photo_5042016156822646424_y-300x239.jpg 300w\" sizes=\"(max-width: 706px) 100vw, 706px\" \/><\/figure>\n\n\n\n<p>Dentro de la construcci\u00f3n del segundo piso de la seguridad, la \u201c4T Norte\u00f1a\u201d encabezada por el Alcalde Andr\u00e9s Mijes tiene como objetivo una mejora constante en la percepci\u00f3n de seguridad ciudadana, por lo que se llevan a cabo acciones contundentes para erradicar la delincuencia, disuadir el delito y prevenir conductas antisociales.<br>La capacitaci\u00f3n de sus polic\u00edas para lograr la profesionalizaci\u00f3n, incrementos salariales, adquisici\u00f3n de patrullas y moderno equipo son labores para generar la confianza ciudadana<\/p>\n","protected":false},"excerpt":{"rendered":"<p>De acuerdo a la reciente Encuesta Nacional de Seguridad P\u00fablica y Urbana (ENSU) realizada por INEGI, residentes del municipio de Escobedo respondieron que en esta Ciudad ha mejorado la precepci\u00f3n de seguridad.Personal de INEGI realiz\u00f3 el sondeo el pasado mes de marzo, el cual arroj\u00f3 una calificaci\u00f3n del 46.2 por ciento de percepci\u00f3n de inseguridad, [&hellip;]<\/p>\n","protected":false},"author":1,"featured_media":134106,"comment_status":"open","ping_status":"open","sticky":true,"template":"","format":"standard","meta":{"footnotes":""},"categories":[6,3,5],"tags":[],"_links":{"self":[{"href":"https:\/\/diariodigitalmx.com\/index.php\/wp-json\/wp\/v2\/posts\/134095"}],"collection":[{"href":"https:\/\/diariodigitalmx.com\/index.php\/wp-json\/wp\/v2\/posts"}],"about":[{"href":"https:\/\/diariodigitalmx.com\/index.php\/wp-json\/wp\/v2\/types\/post"}],"author":[{"embeddable":true,"href":"https:\/\/diariodigitalmx.com\/index.php\/wp-json\/wp\/v2\/users\/1"}],"replies":[{"embeddable":true,"href":"https:\/\/diariodigitalmx.com\/index.php\/wp-json\/wp\/v2\/comments?post=134095"}],"version-history":[{"count":2,"href":"https:\/\/diariodigitalmx.com\/index.php\/wp-json\/wp\/v2\/posts\/134095\/revisions"}],"predecessor-version":[{"id":134100,"href":"https:\/\/diariodigitalmx.com\/index.php\/wp-json\/wp\/v2\/posts\/134095\/revisions\/134100"}],"wp:featuredmedia":[{"embeddable":true,"href":"https:\/\/diariodigitalmx.com\/index.php\/wp-json\/wp\/v2\/media\/134106"}],"wp:attachment":[{"href":"https:\/\/diariodigitalmx.com\/index.php\/wp-json\/wp\/v2\/media?parent=134095"}],"wp:term":[{"taxonomy":"category","embeddable":true,"href":"https:\/\/diariodigitalmx.com\/index.php\/wp-json\/wp\/v2\/categories?post=134095"},{"taxonomy":"post_tag","embeddable":true,"href":"https:\/\/diariodigitalmx.com\/index.php\/wp-json\/wp\/v2\/tags?post=134095"}],"curies":[{"name":"wp","href":"https:\/\/api.w.org\/{rel}","templated":true}]}}