{"id":134122,"date":"2025-04-22T23:20:36","date_gmt":"2025-04-23T05:20:36","guid":{"rendered":"https:\/\/diariodigitalmx.com\/?p=134122"},"modified":"2025-04-22T23:34:02","modified_gmt":"2025-04-23T05:34:02","slug":"el-derecho-a-la-informacion-y-libertad-de-expresion","status":"publish","type":"post","link":"https:\/\/diariodigitalmx.com\/index.php\/2025\/04\/22\/el-derecho-a-la-informacion-y-libertad-de-expresion\/","title":{"rendered":"El derecho a la informaci\u00f3n y libertad de expresi\u00f3n"},"content":{"rendered":"\n<p>Dr. Emiliano Carrillo Carranco<\/p>\n\n\n\n<p>La divisi\u00f3n como acci\u00f3n&nbsp; que detentan la funci\u00f3n p\u00fablica en c\u00e9lulas cancer\u00edgenas entre esa reacci\u00f3n de comerse entre ellas mismas. Qui\u00e9n es qui\u00e9n Raymundo Riva palacio. A las violaciones constitucionales la libertad de expresi\u00f3n y a la informaci\u00f3n donde el gobierno. Art\u00edculos 6 y 7 CEUM .El promover la polarizaci\u00f3n desde el mismo Estado .Tribunal Administrativo en si resoluci\u00f3n a violaciones constitucionales y derechos Humanos. A los art\u00edculos 6 y 7 con la utilizaci\u00f3n de los recursos p\u00fablicos en acciones de discriminaci\u00f3n, des-descalificaci\u00f3n a los medios o las personas a la acci\u00f3n de polarizaci\u00f3n. Violando las leyes p\u00e9treas y CEUM!. Quienes qui\u00e9n en las mentiras !Principio de proporcionalidad y abuso de autoridad .Gobiernos autoritarios en vestidos de poder p\u00fablico y violentando los derechos de los ciudadanos .la acci\u00f3n de la subjetividad de las personas contra los gobiernos&nbsp; en sus tres \u00f3rdenes. La \u00fanica v\u00eda actual de cambio social y de un bienestar para todos es la democracia participativa. TCC SU RESOLUCI\u00d3N DEL PODER EJECUTIVO NO PUEDE MENTIR Y DIFAMAR .LA POLARIZACI\u00d3N DEL PODER A TRAV\u00c9S DE UNA Estrategia DE Comunicaci\u00f3n DE LOS Jilgueros AL TENOR.<\/p>\n\n\n\n<p>El mandato al GEM&nbsp; percibido a desencanto y sin un eje rector de control y visi\u00f3n a la gran cauda de necesidades en los 125 municipios y a los controles de un sistema de partidos distantes a las poblaciones e inclusive la incapacidad de ser instrumento de oposici\u00f3n a la acci\u00f3n de acuerdos ,pactos de mutuo de territorios a los padrinos de poder , en su origen de esos instrumentos de control a los intereses territoriales e inclusive las traiciones en crear&nbsp; Frankisten de poder para su mejor control desde el mando del jefe pol\u00edtico a nombre de la democracia .La polarizaci\u00f3n social desde el discurso del ex presidente AMLO. Y utilizaci\u00f3n de recursos p\u00fablicos con el objeto de descalificar, y utilizaci\u00f3n de datos personales. Resoluci\u00f3n del amparo directo .la funci\u00f3n p\u00fablica y la libertad de expresi\u00f3n. La afectaci\u00f3n de los derechos fundamentales y derechos humanos .Sentencia definitiva ..! Qui\u00e9n es qui\u00e9n en las mentiras .AMLO El cansancio de la poblaci\u00f3n a las acciones de polarizaci\u00f3n pol\u00edtica y social a un montaje de lenguaje y comunicaci\u00f3n.<\/p>\n\n\n\n<p>El eje de los medios de comunicaci\u00f3n oficialista y no oficialistas en&nbsp; mandar el mensaje de hechos emanados d\u00eda a d\u00eda. Las acciones de poder desde la utiliza recursos p\u00fablicos en versiones de polarizaci\u00f3n, discursos violento, empapadas a una acci\u00f3n hipod\u00e9rmica a la poblaci\u00f3n. Las ma\u00f1aneras del ex presidente en actos de diatriba , verborrea e instrumento de estigmatizaci\u00f3n a poder confrontar a la poblaci\u00f3n y medios .los hechos de campa\u00f1as al ataque y balcanizando nuestra democracia con la polarizaci\u00f3n social . La polarizaci\u00f3n social y erosiona la democracia. La verdad empantana con mentiras desde el poder mismo a trav\u00e9s de su vocera del ejecutivo .La vocera de la verdad . La funcionaria Vilchis; cumpli\u00f3 su rol instrumentado desde ese poder.<\/p>\n\n\n\n<p>La historia cultivada a los actos de polarizaci\u00f3n social y pol\u00edtica. La etapa End\u00f3gena de morena contra morena a su naturaleza depredadora de una jaur\u00eda de lobos alfa a su territorio . La c\u00fapula de mando a una ser\u00eda de actos de exclusiones ,traiciones del mismo&nbsp; cu\u00f1o a nombre del poder adquirido de masas en la promesa de un cambio sustantivo y de esperanza . No es as\u00ed a una divisi\u00f3n de poder contra el poder&nbsp; emanado a una estrategia instrumentada desde la simbolog\u00eda y lenguaje capaz de ser el instrumento de inducci\u00f3n a las masas envueltas a su heterogeneidad&nbsp; &nbsp;conforme a su Educaci\u00f3n , fanatismo o un sistema de paternalismo de un asistencialismo a programas sociales desde el mando del poder p\u00fablico. La polarizaci\u00f3n que detentan la funci\u00f3n p\u00fablica en c\u00e9lulas cancer\u00edgenas entre esa reacci\u00f3n de comerse entre ellas mismas . El mandato al GEM&nbsp; percibido a desencanto y sin un eje rector de control y visi\u00f3n a la gran cauda de necesidades en los 125 municipios y a los controles de un sistema de partidos distantes a las poblaciones e inclusive la incapacidad de ser instrumento de oposici\u00f3n a la acci\u00f3n de acuerdos ,pactos de mutuo de territorios a los padrinos de poder en su origen de esos instrumentos de control a los intereses territoriales.&nbsp; Inclusive las traiciones en crear&nbsp; Frankisten de poder para su mejor control desde el mando del jefe pol\u00edtico a nombre de la democracia .<\/p>\n\n\n\n<p>La esperanza de las masas de un cambio de obstruye a solo un discurso de buenas intenciones al secuestro del erario p\u00fablico como eje en disponer a acciones de fermentaci\u00f3n y a la acumulaci\u00f3n de problemas sociales y de atenci\u00f3n a la soluci\u00f3n de servicios elementales de los municipios de acuerdo a sus tipolog\u00edas. El presupuesto de egresos a una actividad discrecional ,los miembros de los ayuntamientos a solo en comisiones que le son designados por ejemplo lo establecido en la fracci\u00f3n II del Art\u00edculo 115 de la CEUM. La capacidad de la poblaci\u00f3n en poder organizarse , exhortar a los gobiernos municipales sus peticiones no lo hacen hasta que detona el problema social o una situaci\u00f3n de necesidades como el servicio de Agua, salud, seguridad. La falta de la capacidad de la cultura de la denuncia o por calidad c\u00edvica o a la formaci\u00f3n educativa y predomina la ignorancia, apat\u00eda&nbsp; y acciones de valores democr\u00e1ticos a la acci\u00f3n de la ciudadan\u00eda .&nbsp;<\/p>\n\n\n\n<p>Voces democr\u00e1ticas \u201c&nbsp; Efra\u00edn Ju\u00e1rez Garcia Quintero 2016&nbsp; (t)&nbsp; mi estimado Emiliano carrillo: hasta hoy vuelvo a ver y apreciar tus interesantes art\u00edculos sobre la democracia y considero que siendo perfectible la democracia , en M\u00e9xico nos falta todav\u00eda mucho para arribar a una democracia participativa . En este sentido existe desde hace d\u00e9cadas la creencia de que requerimos una educaci\u00f3n m\u00e1s interactiva y transformadora que desde los niveles b\u00e1sicos e inclusive antes desde la cuna los padres nos responsabilicemos de ofrecer a nuestros hijos los principios y valores como la honradez, \u00e9tica e integridad, as\u00ed como civismo b\u00e1sico que permita a los seres humanos tener la semilla democr\u00e1tica de actitudes positivas y comportamiento en la sociedad. El cambio est\u00e1 en cada uno de nosotros. tenemos que entender y crear una nueva econom\u00eda para nuestros j\u00f3venes en donde tomemos conciencia que ser empleado no garantiza m\u00e1s que tengamos que trabajar toda la vida y que como tu bien dices prioricemos conceptos como el amor y la libertad para avanzar en el proceso democr\u00e1tico. En fin el tema tratas est\u00e1 muy interesante y tiene muchas vertientes para enfocarlo . Ir\u00e9 a Texcoco y me dar\u00e1 mucho platicar contigo de este y el proyecto que estamos desarrollando mi estimado Emiliano. . En otro orden de ideas quisiera invitarte al segundo homenaje de m\u00ed querido hermano Luis Garcia Quintero el 12 de mayo a las 17 horas en la casa de la cultura de Texcoco. Ser\u00e1 una velada literario musical a la que te invito y por favor hagas extensiva a todos tus amigos y paisano que conocieron al gran maestro y pintor. Ah\u00ed nos vemos .un abrazo .la divisi\u00f3n end\u00f3gena de morena y sus consecuencias del poder p\u00fablico a la poblaci\u00f3n .morena nace en la elecci\u00f3n 2015.\u201d Las redes sociales como medio de encontrar la verdad con base de informaci\u00f3n de los ejes de discurso de la mentira ,es medio de difusi\u00f3n a un segmento social .La ignorancia&nbsp; y a educaci\u00f3n como medio.<\/p>\n\n\n\n<figure class=\"wp-block-embed\"><div class=\"wp-block-embed__wrapper\">\nhttps:\/\/www.facebook.com\/EnNezaRadio97.3fm?mibextid=rS40aB7S9Ucbxw6v\n<\/div><\/figure>\n","protected":false},"excerpt":{"rendered":"<p>Dr. Emiliano Carrillo Carranco La divisi\u00f3n como acci\u00f3n&nbsp; que detentan la funci\u00f3n p\u00fablica en c\u00e9lulas cancer\u00edgenas entre esa reacci\u00f3n de comerse entre ellas mismas. Qui\u00e9n es qui\u00e9n Raymundo Riva palacio. A las violaciones constitucionales la libertad de expresi\u00f3n y a la informaci\u00f3n donde el gobierno. Art\u00edculos 6 y 7 CEUM .El promover la polarizaci\u00f3n desde [&hellip;]<\/p>\n","protected":false},"author":1,"featured_media":134127,"comment_status":"open","ping_status":"open","sticky":true,"template":"","format":"standard","meta":{"footnotes":""},"categories":[12],"tags":[],"_links":{"self":[{"href":"https:\/\/diariodigitalmx.com\/index.php\/wp-json\/wp\/v2\/posts\/134122"}],"collection":[{"href":"https:\/\/diariodigitalmx.com\/index.php\/wp-json\/wp\/v2\/posts"}],"about":[{"href":"https:\/\/diariodigitalmx.com\/index.php\/wp-json\/wp\/v2\/types\/post"}],"author":[{"embeddable":true,"href":"https:\/\/diariodigitalmx.com\/index.php\/wp-json\/wp\/v2\/users\/1"}],"replies":[{"embeddable":true,"href":"https:\/\/diariodigitalmx.com\/index.php\/wp-json\/wp\/v2\/comments?post=134122"}],"version-history":[{"count":3,"href":"https:\/\/diariodigitalmx.com\/index.php\/wp-json\/wp\/v2\/posts\/134122\/revisions"}],"predecessor-version":[{"id":134129,"href":"https:\/\/diariodigitalmx.com\/index.php\/wp-json\/wp\/v2\/posts\/134122\/revisions\/134129"}],"wp:featuredmedia":[{"embeddable":true,"href":"https:\/\/diariodigitalmx.com\/index.php\/wp-json\/wp\/v2\/media\/134127"}],"wp:attachment":[{"href":"https:\/\/diariodigitalmx.com\/index.php\/wp-json\/wp\/v2\/media?parent=134122"}],"wp:term":[{"taxonomy":"category","embeddable":true,"href":"https:\/\/diariodigitalmx.com\/index.php\/wp-json\/wp\/v2\/categories?post=134122"},{"taxonomy":"post_tag","embeddable":true,"href":"https:\/\/diariodigitalmx.com\/index.php\/wp-json\/wp\/v2\/tags?post=134122"}],"curies":[{"name":"wp","href":"https:\/\/api.w.org\/{rel}","templated":true}]}}