{"id":134130,"date":"2025-04-22T23:35:04","date_gmt":"2025-04-23T05:35:04","guid":{"rendered":"https:\/\/diariodigitalmx.com\/?p=134130"},"modified":"2025-04-22T23:37:41","modified_gmt":"2025-04-23T05:37:41","slug":"hospitalizan-a-carlos-santana-el-guitarrista-mexicano","status":"publish","type":"post","link":"https:\/\/diariodigitalmx.com\/index.php\/2025\/04\/22\/hospitalizan-a-carlos-santana-el-guitarrista-mexicano\/","title":{"rendered":"Hospitalizan a Carlos Santana, el guitarrista mexicano"},"content":{"rendered":"\n<p>El guitarrista mexicano&nbsp;<strong><a href=\"https:\/\/oem.com.mx\/elsoldemexico\/gossip\/fallece-javier-batiz-musico-y-mentor-de-carlos-santana-20234749\" target=\"_blank\" rel=\"noreferrer noopener\">Carlos Santana<\/a> fue hospitalizado y est\u00e1 bajo observaci\u00f3n , por lo que tuvo que posponer<\/strong> su concierto en el&nbsp;<strong>Teatro Majestic en San Antonio, Texas.<\/strong><\/p>\n\n\n\n<p>Un representante del guitarrista inform\u00f3 sobre el<strong>&nbsp;estado de salud del jalisciense<\/strong>&nbsp;del que se sospecha, su&nbsp;malestar se debe<strong> a una posible deshidrataci\u00f3n.<\/strong><\/p>\n\n\n\n<p>El legendario m\u00fasico pr<strong>esent\u00f3 malestares este martes&nbsp;<\/strong>por lo que&nbsp;<strong>abandon\u00f3 el recinto y fue trasladado en una ambulancia<\/strong>. De acuerdo con su representante,&nbsp;<strong>Carlos Santana permanece hospitalizado para someterse a una serie de pruebas m\u00e9dicas.<\/strong><\/p>\n\n\n\n<p><strong>El personal <\/strong>del guitarrista inform\u00f3&nbsp;<strong>que hasta el momento el evento solo se ha pospuesto<\/strong>, sin embargo,<strong>&nbsp;todo depender\u00e1 de c\u00f3mo responda al tratamiento<\/strong>&nbsp;para determinar qu\u00e9 pasa con el concierto.<strong><\/strong><\/p>\n\n\n\n<p>De acuerdo con los testimonios,&nbsp;<strong>Santana se encontraba realizando la prueba de sonido cuando se sinti\u00f3 mal y tuvo que ser sacado del lugar en camilla.<\/strong><\/p>\n\n\n\n<p>En julio de 2022, el m\u00fasico hab\u00eda sufrido un episodio similar, donde se desplom\u00f3 en el escenario debido al agotamiento que padec\u00eda y la deshidrataci\u00f3n.<\/p>\n","protected":false},"excerpt":{"rendered":"<p>El guitarrista mexicano&nbsp;Carlos Santana fue hospitalizado y est\u00e1 bajo observaci\u00f3n , por lo que tuvo que posponer su concierto en el&nbsp;Teatro Majestic en San Antonio, Texas. Un representante del guitarrista inform\u00f3 sobre el&nbsp;estado de salud del jalisciense&nbsp;del que se sospecha, su&nbsp;malestar se debe a una posible deshidrataci\u00f3n. El legendario m\u00fasico present\u00f3 malestares este martes&nbsp;por lo [&hellip;]<\/p>\n","protected":false},"author":1,"featured_media":134132,"comment_status":"open","ping_status":"open","sticky":true,"template":"","format":"standard","meta":{"footnotes":""},"categories":[9,5],"tags":[],"_links":{"self":[{"href":"https:\/\/diariodigitalmx.com\/index.php\/wp-json\/wp\/v2\/posts\/134130"}],"collection":[{"href":"https:\/\/diariodigitalmx.com\/index.php\/wp-json\/wp\/v2\/posts"}],"about":[{"href":"https:\/\/diariodigitalmx.com\/index.php\/wp-json\/wp\/v2\/types\/post"}],"author":[{"embeddable":true,"href":"https:\/\/diariodigitalmx.com\/index.php\/wp-json\/wp\/v2\/users\/1"}],"replies":[{"embeddable":true,"href":"https:\/\/diariodigitalmx.com\/index.php\/wp-json\/wp\/v2\/comments?post=134130"}],"version-history":[{"count":1,"href":"https:\/\/diariodigitalmx.com\/index.php\/wp-json\/wp\/v2\/posts\/134130\/revisions"}],"predecessor-version":[{"id":134131,"href":"https:\/\/diariodigitalmx.com\/index.php\/wp-json\/wp\/v2\/posts\/134130\/revisions\/134131"}],"wp:featuredmedia":[{"embeddable":true,"href":"https:\/\/diariodigitalmx.com\/index.php\/wp-json\/wp\/v2\/media\/134132"}],"wp:attachment":[{"href":"https:\/\/diariodigitalmx.com\/index.php\/wp-json\/wp\/v2\/media?parent=134130"}],"wp:term":[{"taxonomy":"category","embeddable":true,"href":"https:\/\/diariodigitalmx.com\/index.php\/wp-json\/wp\/v2\/categories?post=134130"},{"taxonomy":"post_tag","embeddable":true,"href":"https:\/\/diariodigitalmx.com\/index.php\/wp-json\/wp\/v2\/tags?post=134130"}],"curies":[{"name":"wp","href":"https:\/\/api.w.org\/{rel}","templated":true}]}}