{"id":134140,"date":"2025-04-23T22:48:39","date_gmt":"2025-04-24T04:48:39","guid":{"rendered":"https:\/\/diariodigitalmx.com\/?p=134140"},"modified":"2025-04-23T22:49:31","modified_gmt":"2025-04-24T04:49:31","slug":"viva-sera-la-primera-aerolinea-en-latinoamerica-en-adaptar-sus-aviones-con-l-bins","status":"publish","type":"post","link":"https:\/\/diariodigitalmx.com\/index.php\/2025\/04\/23\/viva-sera-la-primera-aerolinea-en-latinoamerica-en-adaptar-sus-aviones-con-l-bins\/","title":{"rendered":"Viva ser\u00e1 la primera aerol\u00ednea en Latinoam\u00e9rica en adaptar sus aviones con L bins"},"content":{"rendered":"\n<p>De manera oficial y en el marco de la realizaci\u00f3n de la Feria Aeroespacial M\u00e9xico (FAMEX), Airbus reconoce a Viva como la primera aerol\u00ednea en Latinoam\u00e9rica en reconfigurar el interior de las cabinas en 52 de sus aeronaves, 28 A320 y 24 A321, con compartimentos de equipaje L bins. Esto con el objetivo de brindarle una mejor experiencia a sus pasajeros, ya que ahora podr\u00e1n disfrutar de hasta 60% m\u00e1s espacio para sus maletas a bordo.<\/p>\n\n\n\n<p>Estos nuevos L bins permitir\u00e1n almacenar hasta tres maletas adicionales por compartimento, creando una experiencia m\u00e1s c\u00f3moda para los pasajeros y la tripulaci\u00f3n durante el abordaje y desembarque. Con esta reconfiguraci\u00f3n, la aerol\u00ednea tambi\u00e9n podr\u00e1 optimizar los tiempos de acomodo de equipajes, contribuyendo a la puntualidad de sus vuelos.<\/p>\n\n\n\n<p>\u201cEsta soluci\u00f3n representa una mejora en nuestra propuesta de valor para los pasajeros, ya que permitir\u00e1 que la mayor\u00eda pueda llevar su equipaje de mano en la cabina.<\/p>\n\n\n\n<p>Adem\u00e1s, las eficiencias operativas que genera nos permitir\u00e1n aprovechar a\u00fan m\u00e1s nuestras aeronaves. Como aerol\u00ednea de ultra bajo costo, invertir en esta modernizaci\u00f3n demuestra la confianza que tenemos en este proyecto y en los beneficios que traer\u00e1. En Viva estamos comprometidos con ofrecer la mejor experiencia a nuestros pasajeros. Hace poco m\u00e1s de un a\u00f1o recibimos nuestro primer avi\u00f3n A321 con los compartimentos superiores XL, lo cual marc\u00f3 un antes y un despu\u00e9s en el proceso de abordaje. Ahora, al incorporar los nuevos L bins, podremos llevar esta innovaci\u00f3n al resto de nuestra flota\u201d, coment\u00f3 Adri\u00e1n Torija, Director T\u00e9cnico de Operaciones de Viva.<\/p>\n\n\n\n<p>Los compartimentos L bins son fabricados con materiales compuestos ultraligeros y altamente resistentes, est\u00e1n dise\u00f1ados para ser instalados en un periodo de tres a cinco d\u00edas, garantizando que las aeronaves regresen pronto a servicio permitiendo a los pasajeros disfrutar de una mejor experiencia a bordo.<\/p>\n\n\n\n<p>\u201cEsta mejora en el espacio de los compartimentos superiores optimizar\u00e1 los procesos de embarque y desembarque, un factor fundamental para aerol\u00edneas con tiempos de rotaci\u00f3n cortos como Viva, y se traducir\u00e1 en menos estr\u00e9s para sus pasajeros. Para Viva, esto representa un avance importante y reafirma su compromiso por ofrecer una experiencia de viaje superior&#8221;, dijo Arturo Barreira, Presidente de Airbus para Am\u00e9rica Latina y el Caribe.<\/p>\n","protected":false},"excerpt":{"rendered":"<p>De manera oficial y en el marco de la realizaci\u00f3n de la Feria Aeroespacial M\u00e9xico (FAMEX), Airbus reconoce a Viva como la primera aerol\u00ednea en Latinoam\u00e9rica en reconfigurar el interior de las cabinas en 52 de sus aeronaves, 28 A320 y 24 A321, con compartimentos de equipaje L bins. Esto con el objetivo de brindarle [&hellip;]<\/p>\n","protected":false},"author":1,"featured_media":134142,"comment_status":"open","ping_status":"open","sticky":true,"template":"","format":"standard","meta":{"footnotes":""},"categories":[10,3,5],"tags":[],"_links":{"self":[{"href":"https:\/\/diariodigitalmx.com\/index.php\/wp-json\/wp\/v2\/posts\/134140"}],"collection":[{"href":"https:\/\/diariodigitalmx.com\/index.php\/wp-json\/wp\/v2\/posts"}],"about":[{"href":"https:\/\/diariodigitalmx.com\/index.php\/wp-json\/wp\/v2\/types\/post"}],"author":[{"embeddable":true,"href":"https:\/\/diariodigitalmx.com\/index.php\/wp-json\/wp\/v2\/users\/1"}],"replies":[{"embeddable":true,"href":"https:\/\/diariodigitalmx.com\/index.php\/wp-json\/wp\/v2\/comments?post=134140"}],"version-history":[{"count":1,"href":"https:\/\/diariodigitalmx.com\/index.php\/wp-json\/wp\/v2\/posts\/134140\/revisions"}],"predecessor-version":[{"id":134141,"href":"https:\/\/diariodigitalmx.com\/index.php\/wp-json\/wp\/v2\/posts\/134140\/revisions\/134141"}],"wp:featuredmedia":[{"embeddable":true,"href":"https:\/\/diariodigitalmx.com\/index.php\/wp-json\/wp\/v2\/media\/134142"}],"wp:attachment":[{"href":"https:\/\/diariodigitalmx.com\/index.php\/wp-json\/wp\/v2\/media?parent=134140"}],"wp:term":[{"taxonomy":"category","embeddable":true,"href":"https:\/\/diariodigitalmx.com\/index.php\/wp-json\/wp\/v2\/categories?post=134140"},{"taxonomy":"post_tag","embeddable":true,"href":"https:\/\/diariodigitalmx.com\/index.php\/wp-json\/wp\/v2\/tags?post=134140"}],"curies":[{"name":"wp","href":"https:\/\/api.w.org\/{rel}","templated":true}]}}