{"id":134161,"date":"2025-04-24T12:48:11","date_gmt":"2025-04-24T18:48:11","guid":{"rendered":"https:\/\/diariodigitalmx.com\/?p=134161"},"modified":"2025-04-24T12:49:25","modified_gmt":"2025-04-24T18:49:25","slug":"marcela-guerra-convoca-a-visibilizar-problemas-reales-de-los-migrantes","status":"publish","type":"post","link":"https:\/\/diariodigitalmx.com\/index.php\/2025\/04\/24\/marcela-guerra-convoca-a-visibilizar-problemas-reales-de-los-migrantes\/","title":{"rendered":"Marcela Guerra convoca a visibilizar problemas reales de los migrantes"},"content":{"rendered":"\n<p>Vivimos un momento hist\u00f3rico donde las din\u00e1micas migratorias demandan respuestas humanas, justas y eficaces, asegur\u00f3 la diputada federal Marcela Guerra Castillo, quien se\u00f1al\u00f3 que por esta raz\u00f3n organizaron el Foro: \u201cRetos y Perspectivas Migratorias\u201d, para visibilizar los problemas reales, compartir experiencias y trazar rutas comunes frente a los desaf\u00edos de la movilidad humana.<\/p>\n\n\n\n<p>Al inaugurar el foro, la tambi\u00e9n presidenta de la Comisi\u00f3n de Asuntos Migratorios subray\u00f3 que la migraci\u00f3n no se puede abordar \u00fanicamente como un fen\u00f3meno de seguridad, que es la visi\u00f3n de los americanos, sino con un enfoque integral, transversal y profundamente humano, donde las pol\u00edticas respondan a contextos de violencia, pobreza, cambio clim\u00e1tico y tambi\u00e9n de desplazamiento forzado.<\/p>\n\n\n\n<p>Por ello precis\u00f3 que el encuentro marc\u00f3 como principio los temas de educaci\u00f3n, inclusi\u00f3n laboral y financiera, que son tres pilares claves para garantizar que las personas migrantes no s\u00f3lo sobrevivan, sino que vivan con dignidad. Detall\u00f3 que la ense\u00f1anza debe de ser un puente de integraci\u00f3n y no una barrera, mientras la inclusi\u00f3n se tiene que traducir en oportunidades reales de desarrollo, acceso a servicios y en el reconocimiento de derechos y saberes por la experiencia adquirida en el exterior.<\/p>\n\n\n\n<figure class=\"wp-block-image size-large\"><img loading=\"lazy\" decoding=\"async\" width=\"1024\" height=\"682\" src=\"https:\/\/diariodigitalmx.com\/wp-content\/uploads\/2025\/04\/unnamed-2-1024x682.jpg\" alt=\"\" class=\"wp-image-134164\" srcset=\"https:\/\/diariodigitalmx.com\/wp-content\/uploads\/2025\/04\/unnamed-2-1024x682.jpg 1024w, https:\/\/diariodigitalmx.com\/wp-content\/uploads\/2025\/04\/unnamed-2-300x200.jpg 300w, https:\/\/diariodigitalmx.com\/wp-content\/uploads\/2025\/04\/unnamed-2-768x511.jpg 768w, https:\/\/diariodigitalmx.com\/wp-content\/uploads\/2025\/04\/unnamed-2.jpg 1280w\" sizes=\"(max-width: 1024px) 100vw, 1024px\" \/><\/figure>\n\n\n\n<p>La legisladora priista puntualiz\u00f3 que los consulados no deben de ser s\u00f3lo oficinas administrativas que cumplan con atender las necesidades de los mexicanos en retorno y de quienes han decidido radicar en el exterior, sino convertirse en verdaderos puentes de apoyo, acompa\u00f1amiento y de protecci\u00f3n para quienes se encuentran lejos de nuestra tierra.<\/p>\n\n\n\n<p>Afirm\u00f3 que este espacio permitir\u00e1 reflexionar sobre las pol\u00edticas p\u00fablicas orientadas al retorno seguro y digno, responsabilidad que recae tanto en el Gobierno Federal como en los estados y municipios.&nbsp;<\/p>\n\n\n\n<p>Porque argument\u00f3 que el retorno no es s\u00f3lo un tr\u00e1nsito, es una reintegraci\u00f3n que debe garantizar las condiciones de seguridad, empleo, salud, vivienda y tambi\u00e9n educaci\u00f3n. \u201cNo podemos permitir que el regreso sea sin\u00f3nimo de exclusi\u00f3n o de desamparo\u201d, agreg\u00f3.<\/p>\n\n\n\n<p>La congresista agradeci\u00f3 la presencia de todos los invitados a este foro abierto a las opiniones de la academia, sociedad civil, instituciones gubernamentales y comunidades migrantes. \u201cConfiamos que este espacio nos permita no s\u00f3lo pensar en los retos, sino imaginar soluciones y no s\u00f3lo hablar de perspectivas, sino construir un futuro seguro\u201d, asever\u00f3.<\/p>\n\n\n\n<p>En su intervenci\u00f3n, los panelistas coincidieron en la importancia de trazar objetivos estrat\u00e9gicos, as\u00ed como robustecer las pol\u00edticas p\u00fablicas en favor de los migrantes sin politizar el tema. Llamaron a la construcci\u00f3n de puentes de di\u00e1logo con diversas autoridades y actores y destacaron el papel hist\u00f3rico de diversas organizaciones por los derechos de los connacionales.<\/p>\n\n\n\n<p>Concluyeron que el fen\u00f3meno migratorio se tiene que enfrentar y trabajar permanentemente entre el gobierno y las organizaciones civiles, sin tintes de colores partidistas y reconocieron la labor de los diputados migrantes en la representaci\u00f3n de los intereses de los mexicanos que viven m\u00e1s all\u00e1 de las fronteras.<\/p>\n","protected":false},"excerpt":{"rendered":"<p>Vivimos un momento hist\u00f3rico donde las din\u00e1micas migratorias demandan respuestas humanas, justas y eficaces, asegur\u00f3 la diputada federal Marcela Guerra Castillo, quien se\u00f1al\u00f3 que por esta raz\u00f3n organizaron el Foro: \u201cRetos y Perspectivas Migratorias\u201d, para visibilizar los problemas reales, compartir experiencias y trazar rutas comunes frente a los desaf\u00edos de la movilidad humana. Al inaugurar [&hellip;]<\/p>\n","protected":false},"author":1,"featured_media":134163,"comment_status":"open","ping_status":"open","sticky":true,"template":"","format":"standard","meta":{"footnotes":""},"categories":[2,5],"tags":[],"_links":{"self":[{"href":"https:\/\/diariodigitalmx.com\/index.php\/wp-json\/wp\/v2\/posts\/134161"}],"collection":[{"href":"https:\/\/diariodigitalmx.com\/index.php\/wp-json\/wp\/v2\/posts"}],"about":[{"href":"https:\/\/diariodigitalmx.com\/index.php\/wp-json\/wp\/v2\/types\/post"}],"author":[{"embeddable":true,"href":"https:\/\/diariodigitalmx.com\/index.php\/wp-json\/wp\/v2\/users\/1"}],"replies":[{"embeddable":true,"href":"https:\/\/diariodigitalmx.com\/index.php\/wp-json\/wp\/v2\/comments?post=134161"}],"version-history":[{"count":2,"href":"https:\/\/diariodigitalmx.com\/index.php\/wp-json\/wp\/v2\/posts\/134161\/revisions"}],"predecessor-version":[{"id":134165,"href":"https:\/\/diariodigitalmx.com\/index.php\/wp-json\/wp\/v2\/posts\/134161\/revisions\/134165"}],"wp:featuredmedia":[{"embeddable":true,"href":"https:\/\/diariodigitalmx.com\/index.php\/wp-json\/wp\/v2\/media\/134163"}],"wp:attachment":[{"href":"https:\/\/diariodigitalmx.com\/index.php\/wp-json\/wp\/v2\/media?parent=134161"}],"wp:term":[{"taxonomy":"category","embeddable":true,"href":"https:\/\/diariodigitalmx.com\/index.php\/wp-json\/wp\/v2\/categories?post=134161"},{"taxonomy":"post_tag","embeddable":true,"href":"https:\/\/diariodigitalmx.com\/index.php\/wp-json\/wp\/v2\/tags?post=134161"}],"curies":[{"name":"wp","href":"https:\/\/api.w.org\/{rel}","templated":true}]}}