{"id":13417,"date":"2019-10-07T12:36:11","date_gmt":"2019-10-07T17:36:11","guid":{"rendered":"http:\/\/diariodigitalmx.com\/?p=13417"},"modified":"2019-10-07T12:36:41","modified_gmt":"2019-10-07T17:36:41","slug":"el-papa-abierto-a-analizar-casamiento-de-sacerdotes-esta-en-contra-de-depredadores-del-amazonia","status":"publish","type":"post","link":"https:\/\/diariodigitalmx.com\/index.php\/2019\/10\/07\/el-papa-abierto-a-analizar-casamiento-de-sacerdotes-esta-en-contra-de-depredadores-del-amazonia\/","title":{"rendered":"El Papa, abierto a analizar casamiento de sacerdotes; est\u00e1 en contra de depredadores del Amazonia"},"content":{"rendered":"\n<p>El papa Francisco denunci\u00f3 este domingo que \u201cintereses\u201d econ\u00f3micos est\u00e1n detr\u00e1s de los incendios \u201ccomo el que recientemente ha devastado la Amazon\u00eda\u201d, en v\u00edspera de que se abra el S\u00ednodo de obispos de los pa\u00edses de la regi\u00f3n, que durante veinte d\u00edas abordar\u00e1 asuntos que podr\u00edan hacer historia dentro de la Iglesia, como el casamiento de sacerdotes, lo que podr\u00eda poner en pie de guerra al sector ultraconservador de la Iglesia.<\/p>\n\n\n\n<p>Para que quede clara su postura medioambientalista, el pont\u00edfice argentino se reuni\u00f3 con l\u00edderes ind\u00edgenas amaz\u00f3nicos para expresar que est\u00e1 con ellos en la lucha contra la depredaci\u00f3n de la selva.<\/p>\n\n\n\n<p>En la misa en la bas\u00edlica de San Pedro congreg\u00f3 a los 185 padres sinodales, entre ellos 113 obispos llegados de los nueve pa\u00edses amaz\u00f3nicos: Guyana francesa, Rep\u00fablica Cooperativista de Guyana, Surinam, Venezuela, Colombia, Ecuador, Brasil, Bolivia y Per\u00fa.<\/p>\n\n\n\n<p>\u201cCu\u00e1ntas veces ha habido colonizaci\u00f3n en vez de evangelizaci\u00f3n. Dios nos guarde de la avidez de los nuevos colonialismos\u201d, afirm\u00f3 y se refiri\u00f3 al \u201cfuego aplicado por los intereses que destruyen, como el que recientemente ha devastado la Amazon\u00eda, que no es el del Evangelio\u201d.<\/p>\n\n\n\n<p>Desde hoy, la asamblea sinodal debatir\u00e1 temas como \u201cla criminalizaci\u00f3n y el asesinato de l\u00edderes y activistas defensores del territorio\u201d, y \u201cla apropiaci\u00f3n y privatizaci\u00f3n de bienes naturales\u201d.<\/p>\n\n\n\n<p>Mensaje a los ultras. Adem\u00e1s de su apoyo expl\u00edcito a la causa medioambientalista e indigenista, el Papa envi\u00f3 un mensaje impl\u00edcito al sector ultra de la Iglesia.<\/p>\n\n\n\n<p>En su serm\u00f3n, advirti\u00f3 que algunos l\u00edderes de la Iglesia se arriesgaban a convertirse en \u201cbur\u00f3cratas, no pastores\u201d, y los inst\u00f3 a tener el coraje de estar abiertos al cambio.<\/p>\n\n\n\n<p>Uno de los temas m\u00e1s pol\u00e9micos del s\u00ednodo es si se debe permitir que \u201chombres probados\u201d casados mayores, con familias y una posici\u00f3n s\u00f3lida en las comunidades locales se ordenen como sacerdotes en el Amazonas.<\/p>\n\n\n\n<p>Esa soluci\u00f3n a la escasez de sacerdotes, respaldada por muchos obispos sudamericanos, permitir\u00eda a los cat\u00f3licos en \u00e1reas aisladas asistir a misa y recibir los sacramentos regularmente. Al menos el 85% de las aldeas en la Amazon\u00eda, una vasta regi\u00f3n que abarca ocho pa\u00edses y el territorio franc\u00e9s de Guayana, no pueden celebrar misa todas las semanas.<\/p>\n\n\n\n<p>Bolsonaro contra Francisco. El llamado de Francisco a una apertura no surti\u00f3 efecto, sino todo lo contrario. El sector ultra, a trav\u00e9s de fuentes an\u00f3nimas, denunci\u00f3 que si se rompe el celibato en la regi\u00f3n amaz\u00f3nica ser\u00eda un \u201ccaballo de Troya\u201d que se extender\u00eda a toda la Iglesia cat\u00f3lica. Denuncian que el documento de trabajo del s\u00ednodo era her\u00e9tico, incluido lo que calificaron de reconocimiento impl\u00edcito de formas de paganismo y pante\u00edsmo practicadas por ind\u00edgenas, como el \u201cculto a la naturaleza\u201d.<\/p>\n\n\n\n<p>El \u00faltimo en sumarse a las cr\u00edticas ha sido el gobierno del ultraderechista y evangelista brasile\u00f1o Jair Bolsonaro, quien acusa al pont\u00edfice argentino de promover una reuni\u00f3n que da\u00f1ar\u00eda \u201cla soberan\u00eda de algunos gobiernos\u201d.<\/p>\n","protected":false},"excerpt":{"rendered":"<p>El papa Francisco denunci\u00f3 este domingo que \u201cintereses\u201d econ\u00f3micos est\u00e1n detr\u00e1s de los incendios \u201ccomo el que recientemente ha devastado la Amazon\u00eda\u201d, en v\u00edspera de que se abra el S\u00ednodo de obispos de los pa\u00edses de la regi\u00f3n, que durante veinte d\u00edas abordar\u00e1 asuntos que podr\u00edan hacer historia dentro de la Iglesia, como el casamiento [&hellip;]<\/p>\n","protected":false},"author":1,"featured_media":13419,"comment_status":"open","ping_status":"open","sticky":true,"template":"","format":"standard","meta":{"footnotes":""},"categories":[4],"tags":[],"_links":{"self":[{"href":"https:\/\/diariodigitalmx.com\/index.php\/wp-json\/wp\/v2\/posts\/13417"}],"collection":[{"href":"https:\/\/diariodigitalmx.com\/index.php\/wp-json\/wp\/v2\/posts"}],"about":[{"href":"https:\/\/diariodigitalmx.com\/index.php\/wp-json\/wp\/v2\/types\/post"}],"author":[{"embeddable":true,"href":"https:\/\/diariodigitalmx.com\/index.php\/wp-json\/wp\/v2\/users\/1"}],"replies":[{"embeddable":true,"href":"https:\/\/diariodigitalmx.com\/index.php\/wp-json\/wp\/v2\/comments?post=13417"}],"version-history":[{"count":2,"href":"https:\/\/diariodigitalmx.com\/index.php\/wp-json\/wp\/v2\/posts\/13417\/revisions"}],"predecessor-version":[{"id":13420,"href":"https:\/\/diariodigitalmx.com\/index.php\/wp-json\/wp\/v2\/posts\/13417\/revisions\/13420"}],"wp:featuredmedia":[{"embeddable":true,"href":"https:\/\/diariodigitalmx.com\/index.php\/wp-json\/wp\/v2\/media\/13419"}],"wp:attachment":[{"href":"https:\/\/diariodigitalmx.com\/index.php\/wp-json\/wp\/v2\/media?parent=13417"}],"wp:term":[{"taxonomy":"category","embeddable":true,"href":"https:\/\/diariodigitalmx.com\/index.php\/wp-json\/wp\/v2\/categories?post=13417"},{"taxonomy":"post_tag","embeddable":true,"href":"https:\/\/diariodigitalmx.com\/index.php\/wp-json\/wp\/v2\/tags?post=13417"}],"curies":[{"name":"wp","href":"https:\/\/api.w.org\/{rel}","templated":true}]}}