{"id":134172,"date":"2025-04-24T21:34:24","date_gmt":"2025-04-25T03:34:24","guid":{"rendered":"https:\/\/diariodigitalmx.com\/?p=134172"},"modified":"2025-04-24T21:59:44","modified_gmt":"2025-04-25T03:59:44","slug":"recupera-escobedo-espacios-que-pone-en-manos-de-familias-fortalece-el-tejido-social","status":"publish","type":"post","link":"https:\/\/diariodigitalmx.com\/index.php\/2025\/04\/24\/recupera-escobedo-espacios-que-pone-en-manos-de-familias-fortalece-el-tejido-social\/","title":{"rendered":"Recupera Escobedo espacios que pone en manos de familias; fortalece el tejido social"},"content":{"rendered":"\n<figure class=\"wp-block-image size-large\"><img loading=\"lazy\" decoding=\"async\" width=\"1024\" height=\"682\" src=\"https:\/\/diariodigitalmx.com\/wp-content\/uploads\/2025\/04\/cafa0925-0a3f-4d6f-ab22-461757af70e1-1024x682.jpg\" alt=\"\" class=\"wp-image-134188\" srcset=\"https:\/\/diariodigitalmx.com\/wp-content\/uploads\/2025\/04\/cafa0925-0a3f-4d6f-ab22-461757af70e1-1024x682.jpg 1024w, https:\/\/diariodigitalmx.com\/wp-content\/uploads\/2025\/04\/cafa0925-0a3f-4d6f-ab22-461757af70e1-300x200.jpg 300w, https:\/\/diariodigitalmx.com\/wp-content\/uploads\/2025\/04\/cafa0925-0a3f-4d6f-ab22-461757af70e1-768x512.jpg 768w, https:\/\/diariodigitalmx.com\/wp-content\/uploads\/2025\/04\/cafa0925-0a3f-4d6f-ab22-461757af70e1.jpg 1280w\" sizes=\"(max-width: 1024px) 100vw, 1024px\" \/><\/figure>\n\n\n\n<p>El Alcalde Andr\u00e9s Mijes, en coordinaci\u00f3n con autoridades estatales recuper\u00f3 espacios que no eran utilizados para transformarlos en centros de desarrollo para los j\u00f3venes, en lugares de encuentro para las familias, y en espacios deportivos para fomentar la salud y la convivencia.<br>La recuperaci\u00f3n de estos espacios construidos por el Gobierno Estatal en terrenos municipales, dijo el Alcalde, es un logro simb\u00f3lico para Escobedo, la Capital de la Transformaci\u00f3n en todo Nuevo Le\u00f3n.<br>Mijes explic\u00f3 que estos espacios albergan edificios y \u00e1reas para las familias conocidos como \u201cNodos de integraci\u00f3n Social y vigilancia\u201d, y est\u00e1n ubicados sobre la calle Revoluci\u00f3n en sus cruces con Art\u00edculo 43 y Art\u00edculo 123.<br>Otro de los espacios recuperados, y que ahora estar\u00e1 en manos de las familias de este polo de desarrollo de la Zona Metropolitana, son las canchas deportivas ubicadas en el cruce de Avenida Constituci\u00f3n y Art\u00edculo 72.<br>Mijes agreg\u00f3 que la visi\u00f3n de la \u201c4T Norte\u00f1a\u201d es contar con lugares seguros, de encuentro y convivencia, que contribuyan a la reconstrucci\u00f3n del tejido social, adem\u00e1s de fomentar el sentido de identidad y pertenencia en la poblaci\u00f3n.<\/p>\n\n\n\n<figure class=\"wp-block-image size-large\"><img loading=\"lazy\" decoding=\"async\" width=\"1024\" height=\"682\" src=\"https:\/\/diariodigitalmx.com\/wp-content\/uploads\/2025\/04\/41d70d21-1acc-4b11-9ca7-7dfb2ba7274d-1024x682.jpg\" alt=\"\" class=\"wp-image-134192\" srcset=\"https:\/\/diariodigitalmx.com\/wp-content\/uploads\/2025\/04\/41d70d21-1acc-4b11-9ca7-7dfb2ba7274d-1024x682.jpg 1024w, https:\/\/diariodigitalmx.com\/wp-content\/uploads\/2025\/04\/41d70d21-1acc-4b11-9ca7-7dfb2ba7274d-300x200.jpg 300w, https:\/\/diariodigitalmx.com\/wp-content\/uploads\/2025\/04\/41d70d21-1acc-4b11-9ca7-7dfb2ba7274d-768x512.jpg 768w, https:\/\/diariodigitalmx.com\/wp-content\/uploads\/2025\/04\/41d70d21-1acc-4b11-9ca7-7dfb2ba7274d.jpg 1280w\" sizes=\"(max-width: 1024px) 100vw, 1024px\" \/><\/figure>\n\n\n\n<p>Lo anterior, permitir\u00e1 a sus habitantes hacer comunidad, y a la Administraci\u00f3n, trabajar en atenci\u00f3n a las causas conforme a lo dispuesto por la Presidenta Claudia Sheinbaum Pardo.<br>Con estas acciones, la Administraci\u00f3n contribuye en la transformaci\u00f3n para que las familias tengan opciones de esparcimiento y convivencia vecinal.<br>\u201cEsa transformaci\u00f3n la vamos a hacer en tiempo r\u00e9cord, porque para eso somos un Gobierno \u00e1gil, moderno, que invierte en tecnolog\u00eda y que sabe generar recursos propios, recursos de los que ya tenemos mil 700 millones de pesos que podemos invertir en las familias, en becas para estudiantes,<br>en una Polic\u00eda fuerte.<\/p>\n\n\n\n<figure class=\"wp-block-image size-large\"><img loading=\"lazy\" decoding=\"async\" width=\"1024\" height=\"682\" src=\"https:\/\/diariodigitalmx.com\/wp-content\/uploads\/2025\/04\/6c8fc233-5f51-428c-8a25-4db1d1b5b806-1024x682.jpg\" alt=\"\" class=\"wp-image-134190\" srcset=\"https:\/\/diariodigitalmx.com\/wp-content\/uploads\/2025\/04\/6c8fc233-5f51-428c-8a25-4db1d1b5b806-1024x682.jpg 1024w, https:\/\/diariodigitalmx.com\/wp-content\/uploads\/2025\/04\/6c8fc233-5f51-428c-8a25-4db1d1b5b806-300x200.jpg 300w, https:\/\/diariodigitalmx.com\/wp-content\/uploads\/2025\/04\/6c8fc233-5f51-428c-8a25-4db1d1b5b806-768x512.jpg 768w, https:\/\/diariodigitalmx.com\/wp-content\/uploads\/2025\/04\/6c8fc233-5f51-428c-8a25-4db1d1b5b806.jpg 1280w\" sizes=\"(max-width: 1024px) 100vw, 1024px\" \/><\/figure>\n\n\n\n<p>\u201cSe los digo bien claro, los miles de millones de pesos que Escobedo est\u00e1 generando con su Modelo de Gobierno de la 4T Norte\u00f1a, se van a invertir en combatir a los enemigos de Nuevo Le\u00f3n, que son la falta de oportunidades, los delincuentes, la falta de movilidad y transporte eficiente, la contaminaci\u00f3n y el estancamiento econ\u00f3mico\u201d, puntualiz\u00f3.<br>Mijes dijo a los reunidos en el \u201cNodo del Saber\u201d, el cual est\u00e1 sobre Revoluci\u00f3n y Art\u00edculo 123, que juntos, con la fuerza de la gente y la visi\u00f3n de la 4T Norte\u00f1a, se construir\u00e1n colonias y ciudades donde todos puedan prosperar y en donde a todos les vaya bien.<br>El Alcalde agradeci\u00f3 el apoyo y compromiso de Martha Herrera, Secretaria de Igualdad e Inclusi\u00f3n del Estado, para que la \u201c4T Norte\u00f1a\u201d convierta su potencia econ\u00f3mica en potencia educativa, cultural y social.<br>En su discurso, Mijes dijo a los reunidos que de eso se trata, que toda la inversi\u00f3n, los empleos, las industrias que est\u00e1n llegando a Escobedo como polo de desarrollo de la Zona Metropolitana, se traduzcan en bienestar duradero para la gente, los j\u00f3venes y los ni\u00f1os.<\/p>\n","protected":false},"excerpt":{"rendered":"<p>El Alcalde Andr\u00e9s Mijes, en coordinaci\u00f3n con autoridades estatales recuper\u00f3 espacios que no eran utilizados para transformarlos en centros de desarrollo para los j\u00f3venes, en lugares de encuentro para las familias, y en espacios deportivos para fomentar la salud y la convivencia.La recuperaci\u00f3n de estos espacios construidos por el Gobierno Estatal en terrenos municipales, dijo [&hellip;]<\/p>\n","protected":false},"author":1,"featured_media":134187,"comment_status":"open","ping_status":"open","sticky":true,"template":"","format":"standard","meta":{"footnotes":""},"categories":[6],"tags":[],"_links":{"self":[{"href":"https:\/\/diariodigitalmx.com\/index.php\/wp-json\/wp\/v2\/posts\/134172"}],"collection":[{"href":"https:\/\/diariodigitalmx.com\/index.php\/wp-json\/wp\/v2\/posts"}],"about":[{"href":"https:\/\/diariodigitalmx.com\/index.php\/wp-json\/wp\/v2\/types\/post"}],"author":[{"embeddable":true,"href":"https:\/\/diariodigitalmx.com\/index.php\/wp-json\/wp\/v2\/users\/1"}],"replies":[{"embeddable":true,"href":"https:\/\/diariodigitalmx.com\/index.php\/wp-json\/wp\/v2\/comments?post=134172"}],"version-history":[{"count":3,"href":"https:\/\/diariodigitalmx.com\/index.php\/wp-json\/wp\/v2\/posts\/134172\/revisions"}],"predecessor-version":[{"id":134193,"href":"https:\/\/diariodigitalmx.com\/index.php\/wp-json\/wp\/v2\/posts\/134172\/revisions\/134193"}],"wp:featuredmedia":[{"embeddable":true,"href":"https:\/\/diariodigitalmx.com\/index.php\/wp-json\/wp\/v2\/media\/134187"}],"wp:attachment":[{"href":"https:\/\/diariodigitalmx.com\/index.php\/wp-json\/wp\/v2\/media?parent=134172"}],"wp:term":[{"taxonomy":"category","embeddable":true,"href":"https:\/\/diariodigitalmx.com\/index.php\/wp-json\/wp\/v2\/categories?post=134172"},{"taxonomy":"post_tag","embeddable":true,"href":"https:\/\/diariodigitalmx.com\/index.php\/wp-json\/wp\/v2\/tags?post=134172"}],"curies":[{"name":"wp","href":"https:\/\/api.w.org\/{rel}","templated":true}]}}