{"id":134176,"date":"2025-04-24T21:36:33","date_gmt":"2025-04-25T03:36:33","guid":{"rendered":"https:\/\/diariodigitalmx.com\/?p=134176"},"modified":"2025-04-24T22:02:24","modified_gmt":"2025-04-25T04:02:24","slug":"ni-jefe-ni-heroe-mas-humano-que-estratega","status":"publish","type":"post","link":"https:\/\/diariodigitalmx.com\/index.php\/2025\/04\/24\/ni-jefe-ni-heroe-mas-humano-que-estratega\/","title":{"rendered":"Ni jefe, ni h\u00e9roe: M\u00e1s humano que estratega"},"content":{"rendered":"\n<p>Por Gerardo Guerrero<\/p>\n\n\n\n<p>El liderazgo, en su manifestaci\u00f3n m\u00e1s aut\u00e9ntica, especialmente dentro del contexto empresarial contempor\u00e1neo, no puede ni debe entenderse simplemente como una acumulaci\u00f3n de habilidades t\u00e9cnicas, estrategias planificadas o logros cuantificables. Muy por el contrario, es una traves\u00eda humana compleja, atravesada por procesos emocionales profundos, por interrogantes \u00e9ticos persistentes y por decisiones que afectan, moldean y transforman realidades ajenas y propias por igual. Se trata de una experiencia multidimensional que requiere no solo conocimientos y competencias, sino tambi\u00e9n car\u00e1cter, visi\u00f3n, coraje y una sensibilidad que, muchas veces, debe mantenerse viva incluso en medio del cinismo y la hostilidad del entorno competitivo.<\/p>\n\n\n\n<p>El verdadero liderazgo emerge muchas veces en el silencio, cuando las luces de los aplausos se apagan y las c\u00e1maras dejan de apuntar. En ese espacio \u00edntimo, solitario, el l\u00edder se enfrenta sin m\u00e1scaras a la inmensidad de sus decisiones y a la carga de sus responsabilidades. Es en la penumbra de esa soledad, cuando los juicios externos dejan de importar y solo queda la conciencia interna, que se revela la fibra moral de quien lidera. Cada elecci\u00f3n, cada duda, cada temor contenido, se convierte en un reflejo de su esencia. No hay simulacros posibles cuando se est\u00e1 solo con uno mismo y con el peso intangible pero real de los destinos que dependen de sus acciones. En ese momento introspectivo, el l\u00edder no solo piensa, sino que siente: siente el peso de lo que calla, la presi\u00f3n de lo que debe decir y la inquietud por lo que est\u00e1 por venir. Esta soledad no debe interpretarse como una condici\u00f3n negativa o indeseable, sino como un espacio de maduraci\u00f3n, de refinamiento interior, de confrontaci\u00f3n genuina con los propios motivos. Es en esa pausa donde se gesta la verdadera claridad.<\/p>\n\n\n\n<p>La cotidianidad empresarial, sin embargo, rara vez permite estos espacios de reflexi\u00f3n. Est\u00e1 dise\u00f1ada, muchas veces, para distraer, para entretener, para mantener a los l\u00edderes atrapados en la inercia de la productividad y el rendimiento. Las oficinas relucientes, los indicadores de desempe\u00f1o, los discursos vac\u00edos sobre \u00e9xito y crecimiento, pueden convertirse f\u00e1cilmente en un espejismo. Son estructuras que ofrecen una ilusi\u00f3n de control y avance, pero que, en el fondo, muchas veces ocultan una profunda desconexi\u00f3n con lo verdaderamente importante. Se instala as\u00ed una narrativa seductora pero peligrosa: la que equipara el \u00e9xito con la acumulaci\u00f3n, el poder con la autoridad formal, el liderazgo con la visibilidad. En esa l\u00f3gica, muchos l\u00edderes se pierden. No porque no tengan talento, sino porque olvidan el prop\u00f3sito que los motiv\u00f3 inicialmente. Cambian la br\u00fajula por el cron\u00f3metro. Cambian el por qu\u00e9 por el cu\u00e1nto.<\/p>\n\n\n\n<p>Pero existen aquellos que, en medio de ese entorno que glorifica el ruido y la apariencia, logran escuchar el susurro de lo esencial. Son los l\u00edderes que reconocen los s\u00edntomas de un entorno t\u00f3xico: la desconexi\u00f3n emocional, la instrumentalizaci\u00f3n de las personas, la glorificaci\u00f3n de la velocidad sobre la direcci\u00f3n. Son ellos quienes, pese a la comodidad y el reconocimiento que podr\u00eda representar mantenerse en ese status quo, deciden romper el ciclo. Salen, no porque no puedan continuar, sino porque saben que continuar bajo esas condiciones significar\u00eda traicionarse a s\u00ed mismos. Romper con lo establecido no es una acci\u00f3n impulsiva, sino una decisi\u00f3n meditada, profundamente \u00e9tica. Es una afirmaci\u00f3n de dignidad personal y colectiva. Es el acto radical de recuperar la libertad, incluso a costa de la certeza.<\/p>\n\n\n\n<p>En ese proceso de ruptura, aparece una pregunta fundamental: \u00bfhacia d\u00f3nde se est\u00e1 yendo? Porque la direcci\u00f3n importa tanto o m\u00e1s que el impulso. Y aqu\u00ed emerge una met\u00e1fora poderosa que recorre los procesos de liderazgo: la escalera. Muchos dentro del mundo organizacional entienden su vida profesional como una escalada, un movimiento continuo hacia arriba. Cada pelda\u00f1o representa un ascenso, un nuevo t\u00edtulo, una mejor remuneraci\u00f3n. Pero rara vez se cuestiona hacia d\u00f3nde conduce esa escalera. \u00bfQu\u00e9 hay en la cima? \u00bfQu\u00e9 se deja atr\u00e1s con cada pelda\u00f1o conquistado? \u00bfVale la pena lo que se sacrifica en nombre de lo que se gana? Estas preguntas son inc\u00f3modas porque obligan a mirar no solo el camino, sino el horizonte. Obligan a pensar si ese crecimiento es crecimiento real o solo expansi\u00f3n del ego.<\/p>\n\n\n\n<p>El l\u00edder consciente \u2014el que ha decidido no vivir en piloto autom\u00e1tico\u2014 se detiene, mira con detenimiento y reorienta su escalada. Comprende que no se trata de subir por subir, sino de saber a qu\u00e9 altura puede servir mejor, influir con mayor profundidad, transformar con mayor sentido. Se convierte as\u00ed en un gu\u00eda, no en un conquistador. En un creador de significados, no en un acumulador de m\u00e9ritos.<\/p>\n\n\n\n<p>Mientras tanto, el tiempo pasa. Y con \u00e9l, aparecen las ausencias. Ausencias f\u00edsicas, emocionales, simb\u00f3licas. Personas que marcaron el camino, que ofrecieron compa\u00f1\u00eda, consejo, inspiraci\u00f3n o simplemente presencia. La nostalgia por esas figuras no debilita al l\u00edder; al contrario, lo humaniza. Le recuerda que \u00e9l tambi\u00e9n ha necesitado apoyo, que no siempre fue fuerte, que alguna vez fue aprendiz. Y esa memoria, ese anhelo de lo perdido, se convierte en un ancla. Un astrolabio emocional que le impide volverse indiferente. Lo mantiene sensible a la historia de los otros. Comprende que cada colaborador, cada socio, cada miembro del equipo, es tambi\u00e9n un ser lleno de historias, de heridas y de esperanzas. No se trata de paternalismo, sino de una forma de empat\u00eda radical que redefine el ejercicio del poder: no como imposici\u00f3n, sino como cuidado.<\/p>\n\n\n\n<p>Aun as\u00ed, el liderazgo no es una l\u00ednea recta. Es un recorrido accidentado. Y en ese trayecto, tambi\u00e9n hay ca\u00eddas. Algunos l\u00edderes se ven atrapados en din\u00e1micas que no comprenden, en errores que no supieron evitar, en crisis que los desbordan. Pero el gran diferencial no est\u00e1 en evitar la ca\u00edda, sino en la capacidad de reconstruirse despu\u00e9s de ella. Ese proceso, profundo y transformador, es quiz\u00e1 uno de los m\u00e1s poderosos en la vida de un l\u00edder. Renacer implica revisar el pasado con honestidad brutal, asumir las propias fallas sin escudos, pedir perd\u00f3n si es necesario, y redefinir el rumbo con una humildad que antes no se ten\u00eda. Quien ha ca\u00eddo y ha sabido levantarse ya no lidera desde la soberbia, sino desde una sabidur\u00eda encarnada. Ya no necesita demostrar nada, porque su experiencia lo respalda con una autoridad silenciosa pero firme.<\/p>\n\n\n\n<p>Y a pesar de todo, o precisamente por todo, el l\u00edder aut\u00e9ntico sigue so\u00f1ando. Sue\u00f1a con organizaciones m\u00e1s humanas, con estructuras menos jer\u00e1rquicas y m\u00e1s colaborativas, con entornos donde el trabajo sea tambi\u00e9n una forma de realizaci\u00f3n personal y colectiva. Sue\u00f1a con un modelo de \u00e9xito que no excluya la justicia ni la compasi\u00f3n. Y ese sue\u00f1o, lejos de ser ingenuo, es profundamente revolucionario. Es un acto de resistencia frente a la normalizaci\u00f3n de la mediocridad \u00e9tica. Es la reafirmaci\u00f3n de que otra forma de hacer empresa, de construir comunidad, de liderar, es posible. Y es precisamente ese sue\u00f1o lo que inspira a otros. Porque el liderazgo verdadero no impone, contagia. No obliga, convoca.<\/p>\n\n\n\n<p>En esa traves\u00eda, finalmente, emerge el valor m\u00e1s profundo, m\u00e1s s\u00f3lido, m\u00e1s determinante: la lealtad. Estar. Estar cuando todo se complica. Estar cuando las cosas no salen. Estar cuando nadie m\u00e1s est\u00e1. No se trata de heroicidad, sino de compromiso. De una presencia sostenida que no necesita grandes gestos, pero que transmite seguridad, confianza, cuidado. Es esa presencia lo que marca la diferencia entre un jefe y un l\u00edder. El primero administra. El segundo acompa\u00f1a. El primero exige. El segundo inspira. Estar no significa tener todas las respuestas, sino estar dispuesto a buscarlas junto al equipo. Significa no huir del dolor ajeno, no mirar hacia otro lado cuando el contexto se desmorona. Significa sostener con firmeza, con ternura y con constancia.<\/p>\n\n\n\n<p>Liderar, en \u00faltima instancia, es un acto cotidiano de fe. Es seguir creyendo, incluso cuando todo parece invitar al desencanto. Es elegir la conciencia por encima de la comodidad, el sentido por encima del \u00e9xito inmediato, la integridad por encima del reconocimiento. Es mirar hacia adelante con la certeza de que, aunque el camino sea incierto, la direcci\u00f3n es correcta. Y esa convicci\u00f3n silenciosa, \u00edntima, profunda, es el verdadero legado de un l\u00edder.<\/p>\n\n\n\n<p>Comparte ahora mismo&nbsp;<\/p>\n\n\n\n<p>Deja tu comentario&nbsp;<\/p>\n\n\n\n<figure class=\"wp-block-embed\"><div class=\"wp-block-embed__wrapper\">\nhttps:\/\/www.facebook.com\/davidguerrerogtz\n<\/div><\/figure>\n\n\n\n<figure class=\"wp-block-embed is-type-rich is-provider-twitter wp-block-embed-twitter\"><div class=\"wp-block-embed__wrapper\">\n<a class=\"twitter-timeline\" data-width=\"640\" data-height=\"960\" data-dnt=\"true\" href=\"https:\/\/twitter.com\/Gera__Guerrero?ref_src=twsrc%5Etfw\">Tweets by Gera__Guerrero<\/a><script async src=\"https:\/\/platform.twitter.com\/widgets.js\" charset=\"utf-8\"><\/script>\n<\/div><\/figure>\n","protected":false},"excerpt":{"rendered":"<p>Por Gerardo Guerrero El liderazgo, en su manifestaci\u00f3n m\u00e1s aut\u00e9ntica, especialmente dentro del contexto empresarial contempor\u00e1neo, no puede ni debe entenderse simplemente como una acumulaci\u00f3n de habilidades t\u00e9cnicas, estrategias planificadas o logros cuantificables. Muy por el contrario, es una traves\u00eda humana compleja, atravesada por procesos emocionales profundos, por interrogantes \u00e9ticos persistentes y por decisiones que [&hellip;]<\/p>\n","protected":false},"author":1,"featured_media":134195,"comment_status":"open","ping_status":"open","sticky":true,"template":"","format":"standard","meta":{"footnotes":""},"categories":[12],"tags":[],"_links":{"self":[{"href":"https:\/\/diariodigitalmx.com\/index.php\/wp-json\/wp\/v2\/posts\/134176"}],"collection":[{"href":"https:\/\/diariodigitalmx.com\/index.php\/wp-json\/wp\/v2\/posts"}],"about":[{"href":"https:\/\/diariodigitalmx.com\/index.php\/wp-json\/wp\/v2\/types\/post"}],"author":[{"embeddable":true,"href":"https:\/\/diariodigitalmx.com\/index.php\/wp-json\/wp\/v2\/users\/1"}],"replies":[{"embeddable":true,"href":"https:\/\/diariodigitalmx.com\/index.php\/wp-json\/wp\/v2\/comments?post=134176"}],"version-history":[{"count":1,"href":"https:\/\/diariodigitalmx.com\/index.php\/wp-json\/wp\/v2\/posts\/134176\/revisions"}],"predecessor-version":[{"id":134177,"href":"https:\/\/diariodigitalmx.com\/index.php\/wp-json\/wp\/v2\/posts\/134176\/revisions\/134177"}],"wp:featuredmedia":[{"embeddable":true,"href":"https:\/\/diariodigitalmx.com\/index.php\/wp-json\/wp\/v2\/media\/134195"}],"wp:attachment":[{"href":"https:\/\/diariodigitalmx.com\/index.php\/wp-json\/wp\/v2\/media?parent=134176"}],"wp:term":[{"taxonomy":"category","embeddable":true,"href":"https:\/\/diariodigitalmx.com\/index.php\/wp-json\/wp\/v2\/categories?post=134176"},{"taxonomy":"post_tag","embeddable":true,"href":"https:\/\/diariodigitalmx.com\/index.php\/wp-json\/wp\/v2\/tags?post=134176"}],"curies":[{"name":"wp","href":"https:\/\/api.w.org\/{rel}","templated":true}]}}