{"id":134196,"date":"2025-04-25T11:35:06","date_gmt":"2025-04-25T17:35:06","guid":{"rendered":"https:\/\/diariodigitalmx.com\/?p=134196"},"modified":"2025-04-25T11:36:03","modified_gmt":"2025-04-25T17:36:03","slug":"el-reencuentro-ambiente-de-inclusion-y-paz-una-oportunidad","status":"publish","type":"post","link":"https:\/\/diariodigitalmx.com\/index.php\/2025\/04\/25\/el-reencuentro-ambiente-de-inclusion-y-paz-una-oportunidad\/","title":{"rendered":"El reencuentro, ambiente de inclusi\u00f3n y paz, una oportunidad"},"content":{"rendered":"\n<p>Luz Mar\u00eda Ortiz Quintos<\/p>\n\n\n\n<p>Gracias Papa Francisco que encuentres el premio merecido; por tu vocaci\u00f3n y entrega. El Papa Francisco fue el primer Santo Padre latinoamericano de la orden de los Jesuitas, falleci\u00f3 a la edad de 88 a\u00f1os; todav\u00eda el domingo anterior a su muerte se le vio en el palco Papal dando la bendici\u00f3n a los feligreses que se encontraban en la plaza de San Pedro, as\u00ed como tambi\u00e9n dando un paseo en el papam\u00f3vil. Jorge Mario Bergoglio era el nombre del Papa Francisco, nacido en Buenos Aires Argentina, fue el Papa 266, su pontificado inici\u00f3 a partir de marzo de 2013. Su antecesor fue el Papa Benedicto XVI, quien renunci\u00f3 a los 85 a\u00f1os por problemas de salud. El Papa francisco redact\u00f3 4 enc\u00edclicas, durante sus a\u00f1os de Papado: 1. Lumenun Fidei; La luz de la Fe, la Fe desde la teolog\u00eda cat\u00f3lica con motivo del a\u00f1o de la Fe el 05 de julio del 2013. 2. Laudato Si; Alabado Seas, El medio ambiente y el Desarrollo Sostenible el 24 de mayo del 2015. 3. Fratelli Tutti; Hermanos Todos, sobre la fraternidad y la amistad social el 03 de octubre del 2020. 4. Dilexit Nos; Nos am\u00f3, Sobre el amor humano y divino del coraz\u00f3n de Jesucristo el 24 de octubre del 2024. El Papa eligi\u00f3 el nombre de Francisco por San Francisco de As\u00eds que representaba la austeridad y el amor por la naturaleza. La enc\u00edclica Laudato Si no solo est\u00e1 dirigida a la cristiandad, tambi\u00e9n a la humanidad, refiere a la sociedad actual en la que vivimos agotada, por lo que necesita un nuevo modelo, un humanismo respetuoso del entorno. En la Enc\u00edclica Fratelli Tutti nos se\u00f1ala: &#8220;abrirse al mundo rescatando a los grupos m\u00e1s vulnerables las mujeres, los j\u00f3venes y los m\u00e1s pobres, cuidar al mundo que nos rodea, es cuidarnos a nosotros mismos, la falta de hijos provoca un envejecimiento de las naciones, as\u00ed como olvidar a los ancianos dejarlos en la soledad. Esto mutila y empobrece a las familias&#8221;. Vivir y convivir con derechos humanos universales; que implican poner fin a la esclavitud, dejar de tratar a las personas como objetos. Acabar con las guerras por motivos raciales o religiosos. Construir sociedades pensando m\u00e1s en los otros y no solamente en nosotros. Propone vivir en la sabidur\u00eda que implica tener un encuentro con la verdad. Nos invita a vivir en la esperanza, independientemente de las circunstancias adversas en que se vive. &#8220;Ser solidarios con los dem\u00e1s de las situaciones injustas por las que pasan, por ejemplo: vemos en la calle que asaltan a alguien y hemos perdido ese esp\u00edritu de empat\u00eda y compasi\u00f3n&#8221;. Menciona el Santo Padre que estos, son los s\u00edntomas de una sociedad enferma, que busca construirse a espaldas del dolor. Nos pide recomenzar cada d\u00eda, ya que es una nueva oportunidad. Vivir como valor \u00fanico el AMOR; ya que este valor nos permite desarrollar la pr\u00e1ctica de acciones, que nos permiten desarrollar los h\u00e1bitos que se convierten en las virtudes. Virtudes como la fortaleza, la sobriedad, la laboriosidad. El fin es tener una apertura y una uni\u00f3n hacia las otras personas. Esto es un dinamismo, es la caridad que Dios infunde. Sociedades abiertas que integran a todos, valorando a cada persona como \u00fanica e irrepetible. Solamente si logramos una verdadera inclusi\u00f3n de todos los ciudadanos podemos transformar nuestra comunidad del caos, en el que hoy se vive, a crear ambientes de convivencia en PAZ. En esta enc\u00edclica el Papa Francisco aborda todas las aristas, todos los involucrados y nos lleva a replantearnos lo que hasta hoy vivimos, damos y dejamos de dar a nuestros hermanos, la escucha, el respeto, la convivencia que nos permite vivir en una amistad social, una Fraternidad. Reconoce la importancia del amor, como el motor de las acciones que una persona realiza en favor del pr\u00f3jimo. Hacer vida el evangelio, llevar la esperanza a todos sin distinci\u00f3n, sin discriminaci\u00f3n. Poner al centro a los grupos que han sido relegados: las mujeres, los j\u00f3venes y los m\u00e1s pobres. Es solo entonces, que de lo particular a lo general podemos hacer una nueva comunidad. Empezar en cada hogar, cada familia, y en todos los grupos de la comunidad; escuela, trabajo ya que cada lugar es una oportunidad de encuentro con el otro. De esta manera, podemos salir de la crisis social, para vivir un reencuentro con nuestros hermanos, creando ambientes de inclusi\u00f3n y paz. Que en paz descanse el Santo Padre Francisco.<\/p>\n","protected":false},"excerpt":{"rendered":"<p>Luz Mar\u00eda Ortiz Quintos Gracias Papa Francisco que encuentres el premio merecido; por tu vocaci\u00f3n y entrega. El Papa Francisco fue el primer Santo Padre latinoamericano de la orden de los Jesuitas, falleci\u00f3 a la edad de 88 a\u00f1os; todav\u00eda el domingo anterior a su muerte se le vio en el palco Papal dando la [&hellip;]<\/p>\n","protected":false},"author":1,"featured_media":133311,"comment_status":"open","ping_status":"open","sticky":true,"template":"","format":"standard","meta":{"footnotes":""},"categories":[12],"tags":[],"_links":{"self":[{"href":"https:\/\/diariodigitalmx.com\/index.php\/wp-json\/wp\/v2\/posts\/134196"}],"collection":[{"href":"https:\/\/diariodigitalmx.com\/index.php\/wp-json\/wp\/v2\/posts"}],"about":[{"href":"https:\/\/diariodigitalmx.com\/index.php\/wp-json\/wp\/v2\/types\/post"}],"author":[{"embeddable":true,"href":"https:\/\/diariodigitalmx.com\/index.php\/wp-json\/wp\/v2\/users\/1"}],"replies":[{"embeddable":true,"href":"https:\/\/diariodigitalmx.com\/index.php\/wp-json\/wp\/v2\/comments?post=134196"}],"version-history":[{"count":1,"href":"https:\/\/diariodigitalmx.com\/index.php\/wp-json\/wp\/v2\/posts\/134196\/revisions"}],"predecessor-version":[{"id":134197,"href":"https:\/\/diariodigitalmx.com\/index.php\/wp-json\/wp\/v2\/posts\/134196\/revisions\/134197"}],"wp:featuredmedia":[{"embeddable":true,"href":"https:\/\/diariodigitalmx.com\/index.php\/wp-json\/wp\/v2\/media\/133311"}],"wp:attachment":[{"href":"https:\/\/diariodigitalmx.com\/index.php\/wp-json\/wp\/v2\/media?parent=134196"}],"wp:term":[{"taxonomy":"category","embeddable":true,"href":"https:\/\/diariodigitalmx.com\/index.php\/wp-json\/wp\/v2\/categories?post=134196"},{"taxonomy":"post_tag","embeddable":true,"href":"https:\/\/diariodigitalmx.com\/index.php\/wp-json\/wp\/v2\/tags?post=134196"}],"curies":[{"name":"wp","href":"https:\/\/api.w.org\/{rel}","templated":true}]}}