{"id":13421,"date":"2019-10-07T12:38:50","date_gmt":"2019-10-07T17:38:50","guid":{"rendered":"http:\/\/diariodigitalmx.com\/?p=13421"},"modified":"2019-10-07T12:40:14","modified_gmt":"2019-10-07T17:40:14","slug":"le-fue-bien-a-interjet-aumento-el-numero-de-pasajeros-internacionales-transportados","status":"publish","type":"post","link":"https:\/\/diariodigitalmx.com\/index.php\/2019\/10\/07\/le-fue-bien-a-interjet-aumento-el-numero-de-pasajeros-internacionales-transportados\/","title":{"rendered":"Le fue bien a Interjet, aument\u00f3 el n\u00famero de pasajeros internacionales transportados"},"content":{"rendered":"\n<p>\n\nDurante septiembre de 2019, Interjet moviliz\u00f3 a m\u00e1s de 361 mil viajeros en sus rutas internacionales, lo que represent\u00f3 un aumento de 29 por ciento en comparaci\u00f3n con el mismo mes del a\u00f1o anterior. Este avance fue impulsado por la apertura de nuevas rutas, atractivas tarifas y una expansi\u00f3n de 11 por ciento en su oferta de asientos.<br>El fuerte incremento en su red de rutas internacionales y un comportamiento estable en las nacionales, permiti\u00f3 que el tr\u00e1fico total de pasajeros de la aerol\u00ednea creciera 7 por ciento en el noveno mes del presente a\u00f1o con respecto a septiembre de 2018, tras atender a un mill\u00f3n 110 mil 73 personas.<br>El factor de ocupaci\u00f3n, al incluir operaciones dom\u00e9sticas y del extranjero, se ubic\u00f3 en 84 por ciento, lo que implic\u00f3 un aumento de 8 puntos porcentuales. Este avance fue resultado de la combinaci\u00f3n de un alza de 15 por ciento en la demanda total de la compa\u00f1\u00eda a\u00e9rea, medida en pasajeros-kil\u00f3metro disponibles, y de un aumento de 4 por ciento en la oferta de asientos-kil\u00f3metros disponibles.<br>De enero a septiembre de 2019, la empresa transport\u00f3 a un total de 11 millones 314 mil 148 viajeros, 10 por ciento m\u00e1s&nbsp; respecto a los primeros nueve meses del a\u00f1o previo. Este desempe\u00f1o fue resultado de los aumentos de 4 y 26 por ciento observados en su tr\u00e1fico dentro y fuera M\u00e9xico, respectivamente.<br>La l\u00ednea a\u00e9rea anunci\u00f3 recientemente la renovaci\u00f3n de su estrategia comercial, con la que espera un aumento de m\u00e1s de 40 por ciento de las conexiones con su propia red de rutas, al tiempo que facilitar\u00e1 el intercambio tur\u00edstico, comercial y de negocios entre los distintos destinos a los que sirve.<br>Interjet se distingue por ser una empresa que brinda una alta experiencia de viaje, con un conjunto \u00fanico de servicios que proporciona a los viajeros el equilibrio perfecto entre costo y beneficio; tal es el caso de su pol\u00edtica de no sobreventa: disfrutar del mayor espacio entre asientos de su categor\u00eda en el continente.\n\n<\/p>\n","protected":false},"excerpt":{"rendered":"<p>Durante septiembre de 2019, Interjet moviliz\u00f3 a m\u00e1s de 361 mil viajeros en sus rutas internacionales, lo que represent\u00f3 un aumento de 29 por ciento en comparaci\u00f3n con el mismo mes del a\u00f1o anterior. Este avance fue impulsado por la apertura de nuevas rutas, atractivas tarifas y una expansi\u00f3n de 11 por ciento en su [&hellip;]<\/p>\n","protected":false},"author":1,"featured_media":13423,"comment_status":"open","ping_status":"open","sticky":true,"template":"","format":"standard","meta":{"footnotes":""},"categories":[10],"tags":[],"_links":{"self":[{"href":"https:\/\/diariodigitalmx.com\/index.php\/wp-json\/wp\/v2\/posts\/13421"}],"collection":[{"href":"https:\/\/diariodigitalmx.com\/index.php\/wp-json\/wp\/v2\/posts"}],"about":[{"href":"https:\/\/diariodigitalmx.com\/index.php\/wp-json\/wp\/v2\/types\/post"}],"author":[{"embeddable":true,"href":"https:\/\/diariodigitalmx.com\/index.php\/wp-json\/wp\/v2\/users\/1"}],"replies":[{"embeddable":true,"href":"https:\/\/diariodigitalmx.com\/index.php\/wp-json\/wp\/v2\/comments?post=13421"}],"version-history":[{"count":1,"href":"https:\/\/diariodigitalmx.com\/index.php\/wp-json\/wp\/v2\/posts\/13421\/revisions"}],"predecessor-version":[{"id":13422,"href":"https:\/\/diariodigitalmx.com\/index.php\/wp-json\/wp\/v2\/posts\/13421\/revisions\/13422"}],"wp:featuredmedia":[{"embeddable":true,"href":"https:\/\/diariodigitalmx.com\/index.php\/wp-json\/wp\/v2\/media\/13423"}],"wp:attachment":[{"href":"https:\/\/diariodigitalmx.com\/index.php\/wp-json\/wp\/v2\/media?parent=13421"}],"wp:term":[{"taxonomy":"category","embeddable":true,"href":"https:\/\/diariodigitalmx.com\/index.php\/wp-json\/wp\/v2\/categories?post=13421"},{"taxonomy":"post_tag","embeddable":true,"href":"https:\/\/diariodigitalmx.com\/index.php\/wp-json\/wp\/v2\/tags?post=13421"}],"curies":[{"name":"wp","href":"https:\/\/api.w.org\/{rel}","templated":true}]}}