{"id":134211,"date":"2025-04-25T19:14:06","date_gmt":"2025-04-26T01:14:06","guid":{"rendered":"https:\/\/diariodigitalmx.com\/?p=134211"},"modified":"2025-04-25T19:39:52","modified_gmt":"2025-04-26T01:39:52","slug":"reconoce-escobedo-a-transformadores-norteno-con-medalla-capitan-jose-de-trevino","status":"publish","type":"post","link":"https:\/\/diariodigitalmx.com\/index.php\/2025\/04\/25\/reconoce-escobedo-a-transformadores-norteno-con-medalla-capitan-jose-de-trevino\/","title":{"rendered":"Reconoce Escobedo con Medalla Capit\u00e1n Jos\u00e9 de Trevi\u00f1o,  a ciudadanos destacados"},"content":{"rendered":"\n<figure class=\"wp-block-image size-large\"><img loading=\"lazy\" decoding=\"async\" width=\"1024\" height=\"682\" src=\"https:\/\/diariodigitalmx.com\/wp-content\/uploads\/2025\/04\/WhatsApp-Image-2025-04-25-at-1.20.18-PM-1-1024x682.jpeg\" alt=\"\" class=\"wp-image-134225\" srcset=\"https:\/\/diariodigitalmx.com\/wp-content\/uploads\/2025\/04\/WhatsApp-Image-2025-04-25-at-1.20.18-PM-1-1024x682.jpeg 1024w, https:\/\/diariodigitalmx.com\/wp-content\/uploads\/2025\/04\/WhatsApp-Image-2025-04-25-at-1.20.18-PM-1-300x200.jpeg 300w, https:\/\/diariodigitalmx.com\/wp-content\/uploads\/2025\/04\/WhatsApp-Image-2025-04-25-at-1.20.18-PM-1-768x512.jpeg 768w, https:\/\/diariodigitalmx.com\/wp-content\/uploads\/2025\/04\/WhatsApp-Image-2025-04-25-at-1.20.18-PM-1.jpeg 1280w\" sizes=\"(max-width: 1024px) 100vw, 1024px\" \/><\/figure>\n\n\n\n<p>El Alcalde Andr\u00e9s Mijes entreg\u00f3 la medalla &#8220;Capit\u00e1n Jos\u00e9 de Trevi\u00f1o&#8221; a cinco ciudadanos que, desde su trinchera han demostrado ser verdadero &#8220;transformadores norte\u00f1os&#8221; y que con sus acciones han logrado un cambio positivo en las comunidades.<br>El Alcalde se\u00f1al\u00f3 que en la 4T Norte\u00f1a se impulsa a quienes le dan a la comunidad un valor extra, cuyos valores van de la mano con lo propuesto por la Presidenta Claudia Sheinbaum, en el Plan M\u00e9xico.<\/p>\n\n\n\n<figure class=\"wp-block-gallery has-nested-images columns-default is-cropped wp-block-gallery-1 is-layout-flex wp-block-gallery-is-layout-flex\">\n<figure class=\"wp-block-image size-large\"><img loading=\"lazy\" decoding=\"async\" width=\"1024\" height=\"682\" data-id=\"134228\" src=\"https:\/\/diariodigitalmx.com\/wp-content\/uploads\/2025\/04\/WhatsApp-Image-2025-04-25-at-1.20.16-PM-1024x682.jpeg\" alt=\"\" class=\"wp-image-134228\" srcset=\"https:\/\/diariodigitalmx.com\/wp-content\/uploads\/2025\/04\/WhatsApp-Image-2025-04-25-at-1.20.16-PM-1024x682.jpeg 1024w, https:\/\/diariodigitalmx.com\/wp-content\/uploads\/2025\/04\/WhatsApp-Image-2025-04-25-at-1.20.16-PM-300x200.jpeg 300w, https:\/\/diariodigitalmx.com\/wp-content\/uploads\/2025\/04\/WhatsApp-Image-2025-04-25-at-1.20.16-PM-768x512.jpeg 768w, https:\/\/diariodigitalmx.com\/wp-content\/uploads\/2025\/04\/WhatsApp-Image-2025-04-25-at-1.20.16-PM.jpeg 1280w\" sizes=\"(max-width: 1024px) 100vw, 1024px\" \/><\/figure>\n\n\n\n<figure class=\"wp-block-image size-large\"><img loading=\"lazy\" decoding=\"async\" width=\"1024\" height=\"682\" data-id=\"134229\" src=\"https:\/\/diariodigitalmx.com\/wp-content\/uploads\/2025\/04\/WhatsApp-Image-2025-04-25-at-1.20.18-PM-1024x682.jpeg\" alt=\"\" class=\"wp-image-134229\" srcset=\"https:\/\/diariodigitalmx.com\/wp-content\/uploads\/2025\/04\/WhatsApp-Image-2025-04-25-at-1.20.18-PM-1024x682.jpeg 1024w, https:\/\/diariodigitalmx.com\/wp-content\/uploads\/2025\/04\/WhatsApp-Image-2025-04-25-at-1.20.18-PM-300x200.jpeg 300w, https:\/\/diariodigitalmx.com\/wp-content\/uploads\/2025\/04\/WhatsApp-Image-2025-04-25-at-1.20.18-PM-768x512.jpeg 768w, https:\/\/diariodigitalmx.com\/wp-content\/uploads\/2025\/04\/WhatsApp-Image-2025-04-25-at-1.20.18-PM.jpeg 1280w\" sizes=\"(max-width: 1024px) 100vw, 1024px\" \/><\/figure>\n\n\n\n<figure class=\"wp-block-image size-large\"><img loading=\"lazy\" decoding=\"async\" width=\"1024\" height=\"682\" data-id=\"134230\" src=\"https:\/\/diariodigitalmx.com\/wp-content\/uploads\/2025\/04\/WhatsApp-Image-2025-04-25-at-1.20.17-PM-1024x682.jpeg\" alt=\"\" class=\"wp-image-134230\" srcset=\"https:\/\/diariodigitalmx.com\/wp-content\/uploads\/2025\/04\/WhatsApp-Image-2025-04-25-at-1.20.17-PM-1024x682.jpeg 1024w, https:\/\/diariodigitalmx.com\/wp-content\/uploads\/2025\/04\/WhatsApp-Image-2025-04-25-at-1.20.17-PM-300x200.jpeg 300w, https:\/\/diariodigitalmx.com\/wp-content\/uploads\/2025\/04\/WhatsApp-Image-2025-04-25-at-1.20.17-PM-768x512.jpeg 768w, https:\/\/diariodigitalmx.com\/wp-content\/uploads\/2025\/04\/WhatsApp-Image-2025-04-25-at-1.20.17-PM.jpeg 1280w\" sizes=\"(max-width: 1024px) 100vw, 1024px\" \/><\/figure>\n<\/figure>\n\n\n\n<p>&#8220;Los cinco ciudadanos y ciudadanas distinguidos hoy con la medalla, demuestran que claro que s\u00ed se puede tener una transformaci\u00f3n norte\u00f1a.<br>&#8220;Esa es la ruta que ustedes inspiran, esa es la ruta que aqu\u00ed y ahora s\u00ed es posible.\u00a0<br>Es la ruta que demuestra que los norte\u00f1os de coraz\u00f3n tenemos mucho, pero mucho que dar a Nuevo Le\u00f3n&#8221;, expres\u00f3 el Edil.<\/p>\n\n\n\n<figure class=\"wp-block-gallery has-nested-images columns-default is-cropped wp-block-gallery-2 is-layout-flex wp-block-gallery-is-layout-flex\">\n<figure class=\"wp-block-image size-large\"><img loading=\"lazy\" decoding=\"async\" width=\"1024\" height=\"682\" data-id=\"134232\" src=\"https:\/\/diariodigitalmx.com\/wp-content\/uploads\/2025\/04\/WhatsApp-Image-2025-04-25-at-1.20.17-PM-3-1024x682.jpeg\" alt=\"\" class=\"wp-image-134232\" srcset=\"https:\/\/diariodigitalmx.com\/wp-content\/uploads\/2025\/04\/WhatsApp-Image-2025-04-25-at-1.20.17-PM-3-1024x682.jpeg 1024w, https:\/\/diariodigitalmx.com\/wp-content\/uploads\/2025\/04\/WhatsApp-Image-2025-04-25-at-1.20.17-PM-3-300x200.jpeg 300w, https:\/\/diariodigitalmx.com\/wp-content\/uploads\/2025\/04\/WhatsApp-Image-2025-04-25-at-1.20.17-PM-3-768x512.jpeg 768w, https:\/\/diariodigitalmx.com\/wp-content\/uploads\/2025\/04\/WhatsApp-Image-2025-04-25-at-1.20.17-PM-3.jpeg 1280w\" sizes=\"(max-width: 1024px) 100vw, 1024px\" \/><\/figure>\n\n\n\n<figure class=\"wp-block-image size-large\"><img loading=\"lazy\" decoding=\"async\" width=\"1024\" height=\"682\" data-id=\"134233\" src=\"https:\/\/diariodigitalmx.com\/wp-content\/uploads\/2025\/04\/WhatsApp-Image-2025-04-25-at-1.20.17-PM-1-1024x682.jpeg\" alt=\"\" class=\"wp-image-134233\" srcset=\"https:\/\/diariodigitalmx.com\/wp-content\/uploads\/2025\/04\/WhatsApp-Image-2025-04-25-at-1.20.17-PM-1-1024x682.jpeg 1024w, https:\/\/diariodigitalmx.com\/wp-content\/uploads\/2025\/04\/WhatsApp-Image-2025-04-25-at-1.20.17-PM-1-300x200.jpeg 300w, https:\/\/diariodigitalmx.com\/wp-content\/uploads\/2025\/04\/WhatsApp-Image-2025-04-25-at-1.20.17-PM-1-768x512.jpeg 768w, https:\/\/diariodigitalmx.com\/wp-content\/uploads\/2025\/04\/WhatsApp-Image-2025-04-25-at-1.20.17-PM-1.jpeg 1280w\" sizes=\"(max-width: 1024px) 100vw, 1024px\" \/><\/figure>\n<\/figure>\n\n\n\n<p>En el marco de la celebraci\u00f3n del 421 Aniversario de la Fundaci\u00f3n de General Escobedo y como parte de los festejos por el bicentenario del natalicio del h\u00e9roe nacional, Mariano Escobedo, se entrega la presea<br>&#8220;Capit\u00e1n Jos\u00e9 de Trevi\u00f1o&#8221; a escobedenses que han destacado en diversas \u00e1reas profesionales y humanitarias.<br>En esta ocasi\u00f3n, en el rubro &#8220;Profesiones Independientes&#8221; se entreg\u00f3 esta medalla a Jorge Casares L\u00f3pez, Director de la empresa Trayecto, por trabajar de la mano con Escobedo y engrandecer el dinamismo productivo, ayudando a convertir a la Ciudad en la Capital de la Transformaci\u00f3n de<br>todo Nuevo Le\u00f3n.<\/p>\n\n\n\n<figure class=\"wp-block-image size-large\"><img loading=\"lazy\" decoding=\"async\" width=\"1024\" height=\"682\" src=\"https:\/\/diariodigitalmx.com\/wp-content\/uploads\/2025\/04\/WhatsApp-Image-2025-04-25-at-1.20.17-PM-2-1024x682.jpeg\" alt=\"\" class=\"wp-image-134235\" srcset=\"https:\/\/diariodigitalmx.com\/wp-content\/uploads\/2025\/04\/WhatsApp-Image-2025-04-25-at-1.20.17-PM-2-1024x682.jpeg 1024w, https:\/\/diariodigitalmx.com\/wp-content\/uploads\/2025\/04\/WhatsApp-Image-2025-04-25-at-1.20.17-PM-2-300x200.jpeg 300w, https:\/\/diariodigitalmx.com\/wp-content\/uploads\/2025\/04\/WhatsApp-Image-2025-04-25-at-1.20.17-PM-2-768x512.jpeg 768w, https:\/\/diariodigitalmx.com\/wp-content\/uploads\/2025\/04\/WhatsApp-Image-2025-04-25-at-1.20.17-PM-2.jpeg 1280w\" sizes=\"(max-width: 1024px) 100vw, 1024px\" \/><\/figure>\n\n\n\n<p>En el \u00e1rea de &#8220;Docencia&#8221; se reconoci\u00f3 a la Doctora Concepci\u00f3n Rodr\u00edguez Elizalde, por demostrar que en la 4T Norte\u00f1a no hay mejor manera de compartir el crecimiento y el bienestar que con la educaci\u00f3n.<\/p>\n\n\n\n<p>Y as\u00ed, como la 4T Norte\u00f1a con la mano derecha apoya la inversi\u00f3n, con la mano izquierda se trabaja para que esa prosperidad abra puertas, y en esta ocasi\u00f3n la joven Estrella Leilani M\u00e9ndez Carvajal, oradora privilegiada, fue condecorada en el rubro &#8220;Juventud&#8221;, y Lorenzo Uriel Mac\u00edas Rivera, deportista ejemplar, fue reconocido en la categor\u00eda &#8220;Deporte&#8221;.<br>Asimismo, en esta ocasi\u00f3n se reconoci\u00f3 el &#8220;Humanismo&#8221; de Do\u00f1a Clementina S\u00e1nchez de Le\u00f3n, de 74 a\u00f1os de edad, y quien ha sido clave para que muchos vecinos hayan podido terminar la primara y la<br>secundaria.<br>Mijes felicit\u00f3 a cada uno de los galardonados y reiter\u00f3 que, en Escobedo, s\u00ed es compatible el crecimiento econ\u00f3mico firme con el humanismo social, y de la mano de los ciudadanos, s\u00ed es posible seguir compartiendo prosperidad.<\/p>\n","protected":false},"excerpt":{"rendered":"<p>El Alcalde Andr\u00e9s Mijes entreg\u00f3 la medalla &#8220;Capit\u00e1n Jos\u00e9 de Trevi\u00f1o&#8221; a cinco ciudadanos que, desde su trinchera han demostrado ser verdadero &#8220;transformadores norte\u00f1os&#8221; y que con sus acciones han logrado un cambio positivo en las comunidades.El Alcalde se\u00f1al\u00f3 que en la 4T Norte\u00f1a se impulsa a quienes le dan a la comunidad un valor [&hellip;]<\/p>\n","protected":false},"author":1,"featured_media":134223,"comment_status":"open","ping_status":"open","sticky":true,"template":"","format":"standard","meta":{"footnotes":""},"categories":[6,3,5],"tags":[],"_links":{"self":[{"href":"https:\/\/diariodigitalmx.com\/index.php\/wp-json\/wp\/v2\/posts\/134211"}],"collection":[{"href":"https:\/\/diariodigitalmx.com\/index.php\/wp-json\/wp\/v2\/posts"}],"about":[{"href":"https:\/\/diariodigitalmx.com\/index.php\/wp-json\/wp\/v2\/types\/post"}],"author":[{"embeddable":true,"href":"https:\/\/diariodigitalmx.com\/index.php\/wp-json\/wp\/v2\/users\/1"}],"replies":[{"embeddable":true,"href":"https:\/\/diariodigitalmx.com\/index.php\/wp-json\/wp\/v2\/comments?post=134211"}],"version-history":[{"count":6,"href":"https:\/\/diariodigitalmx.com\/index.php\/wp-json\/wp\/v2\/posts\/134211\/revisions"}],"predecessor-version":[{"id":134237,"href":"https:\/\/diariodigitalmx.com\/index.php\/wp-json\/wp\/v2\/posts\/134211\/revisions\/134237"}],"wp:featuredmedia":[{"embeddable":true,"href":"https:\/\/diariodigitalmx.com\/index.php\/wp-json\/wp\/v2\/media\/134223"}],"wp:attachment":[{"href":"https:\/\/diariodigitalmx.com\/index.php\/wp-json\/wp\/v2\/media?parent=134211"}],"wp:term":[{"taxonomy":"category","embeddable":true,"href":"https:\/\/diariodigitalmx.com\/index.php\/wp-json\/wp\/v2\/categories?post=134211"},{"taxonomy":"post_tag","embeddable":true,"href":"https:\/\/diariodigitalmx.com\/index.php\/wp-json\/wp\/v2\/tags?post=134211"}],"curies":[{"name":"wp","href":"https:\/\/api.w.org\/{rel}","templated":true}]}}