{"id":13433,"date":"2019-10-07T21:08:00","date_gmt":"2019-10-08T02:08:00","guid":{"rendered":"http:\/\/diariodigitalmx.com\/?p=13433"},"modified":"2019-10-08T04:46:46","modified_gmt":"2019-10-08T09:46:46","slug":"instala-escobedo-sistema-de-monitoreo-para-la-calidad-del-aire-en-tiempo-real","status":"publish","type":"post","link":"https:\/\/diariodigitalmx.com\/index.php\/2019\/10\/07\/instala-escobedo-sistema-de-monitoreo-para-la-calidad-del-aire-en-tiempo-real\/","title":{"rendered":"Instala Escobedo sistema de monitoreo para la calidad del aire en tiempo real"},"content":{"rendered":"\n<p>*Buscan focalizar plantaci\u00f3n de \u00e1rboles<\/p>\n\n\n\n<figure class=\"wp-block-image\"><img loading=\"lazy\" decoding=\"async\" width=\"1024\" height=\"683\" src=\"http:\/\/diariodigitalmx.com\/wp-content\/uploads\/2019\/10\/IMG_0035-1024x683.jpg\" alt=\"\" class=\"wp-image-13439\" srcset=\"https:\/\/diariodigitalmx.com\/wp-content\/uploads\/2019\/10\/IMG_0035-1024x683.jpg 1024w, https:\/\/diariodigitalmx.com\/wp-content\/uploads\/2019\/10\/IMG_0035-300x200.jpg 300w, https:\/\/diariodigitalmx.com\/wp-content\/uploads\/2019\/10\/IMG_0035-768x512.jpg 768w\" sizes=\"(max-width: 1024px) 100vw, 1024px\" \/><\/figure>\n\n\n\n<p>Con dispositivos colocados en zonas estrat\u00e9gicas, el Municipio de Escobedo, a trav\u00e9s de un portal web, ofrecer\u00e1 a los ciudadanos la oportunidad de monitorear en tiempo real la calidad del aire que respiran.&nbsp;&nbsp;<br><\/p>\n\n\n\n<p>Uno de los sistemas estar\u00e1 fijo midiendo las part\u00edculas contaminantes en el Parque Lineal Las Torres y otros se instalar\u00e1n en sitios de mayor concentraci\u00f3n, convirtiendo a Escobedo en el primer municipio del Pa\u00eds en ofrecer y contar con este servicio.&nbsp;<\/p>\n\n\n\n<p>La Alcaldesa Clara Luz Flores Carrales se\u00f1al\u00f3 que el objetivo del monitoreo es velar por el bienestar de los habitantes, prevenir enfermedades y llevar la arborizaci\u00f3n a sectores de gran contaminaci\u00f3n.<br><\/p>\n\n\n\n<p>\u201cVamos a tener la posibilidad de medir y de saber cu\u00e1nto es lo que tenemos de contaminaci\u00f3n\u201d, afirm\u00f3 la Mun\u00edcipe ante vecinos durante la presentaci\u00f3n del programa, en el Parque Lineal.&nbsp;<\/p>\n\n\n\n<p><br><\/p>\n\n\n\n<figure class=\"wp-block-image\"><img loading=\"lazy\" decoding=\"async\" width=\"1024\" height=\"683\" src=\"http:\/\/diariodigitalmx.com\/wp-content\/uploads\/2019\/10\/IMG_0084-1024x683.jpg\" alt=\"\" class=\"wp-image-13441\" srcset=\"https:\/\/diariodigitalmx.com\/wp-content\/uploads\/2019\/10\/IMG_0084-1024x683.jpg 1024w, https:\/\/diariodigitalmx.com\/wp-content\/uploads\/2019\/10\/IMG_0084-300x200.jpg 300w, https:\/\/diariodigitalmx.com\/wp-content\/uploads\/2019\/10\/IMG_0084-768x512.jpg 768w\" sizes=\"(max-width: 1024px) 100vw, 1024px\" \/><\/figure>\n\n\n\n<p>\u201cNo hay otro Municipio que tenga esto y lo que queremos es que haya m\u00e1s informaci\u00f3n, que los ciudadanos la utilicen para cuidar su salud\u201d.<\/p>\n\n\n\n<p><br><\/p>\n\n\n\n<figure class=\"wp-block-image\"><img loading=\"lazy\" decoding=\"async\" width=\"1024\" height=\"683\" src=\"http:\/\/diariodigitalmx.com\/wp-content\/uploads\/2019\/10\/IMG_0012-1024x683.jpg\" alt=\"\" class=\"wp-image-13443\" srcset=\"https:\/\/diariodigitalmx.com\/wp-content\/uploads\/2019\/10\/IMG_0012-1024x683.jpg 1024w, https:\/\/diariodigitalmx.com\/wp-content\/uploads\/2019\/10\/IMG_0012-300x200.jpg 300w, https:\/\/diariodigitalmx.com\/wp-content\/uploads\/2019\/10\/IMG_0012-768x512.jpg 768w\" sizes=\"(max-width: 1024px) 100vw, 1024px\" \/><\/figure>\n\n\n\n<p>La Edil mencion\u00f3 que su Administraci\u00f3n tambi\u00e9n pretende instalar dispositivos de medici\u00f3n en los parques lineales de Rep\u00fablica Mexicana y Acueducto, sobre Ra\u00fal Salinas, y otro m\u00e1s en el Parque Lineal Las Torres.<\/p>\n\n\n\n<p><\/p>\n\n\n\n<p><\/p>\n\n\n\n<p>Cuando el ciudadano desee consultar la concentraci\u00f3n de part\u00edculas menores a 2.5 micras (PM2.5) o 10 micras (PM10), deber\u00e1 ingresar a la p\u00e1gina <a href=\"http:\/\/www.purpleair.com\">www.purpleair.com<\/a>.<br><\/p>\n\n\n\n<p>En \u00e9sta se detalla en tiempo real la calidad del aire y el n\u00famero de part\u00edculas, as\u00ed como la situaci\u00f3n de otras regiones.&nbsp;<br><\/p>\n\n\n\n<p>Flores Carrales refiri\u00f3 que, con este sistema, se podr\u00e1 redirigir la plantaci\u00f3n de \u00e1rboles y colocaci\u00f3n de muros verdes para contrarrestar la contaminaci\u00f3n en las zonas de m\u00e1s alto riesgo.&nbsp;<br><\/p>\n\n\n\n<p>Al afirmar que Escobedo es el primer municipio del Pa\u00eds con este servicio, el director del Observatorio Ciudadano de la Calidad del Aire, Alfonso Mart\u00ednez, coment\u00f3 que con estas acciones se pueden combatir algunas problem\u00e1ticas del medio ambiente.&nbsp;<br><\/p>\n\n\n\n<p>En la presentaci\u00f3n del programa tambi\u00e9n estuvieron el Secretario de Desarrollo Urbano y Ecolog\u00eda, Ignacio Hierro; la presidenta de la Asociaci\u00f3n Mexicana de Arboricultura, Martha Guzm\u00e1n, y la&nbsp;jefa del departamento de Geom\u00e1ntica del Instituto de Ingenier\u00eda Civil de la Facultad de Ingenier\u00eda Civil de la UANL, Fabiola Y\u00e9pez.&nbsp;<\/p>\n","protected":false},"excerpt":{"rendered":"<p>*Buscan focalizar plantaci\u00f3n de \u00e1rboles Con dispositivos colocados en zonas estrat\u00e9gicas, el Municipio de Escobedo, a trav\u00e9s de un portal web, ofrecer\u00e1 a los ciudadanos la oportunidad de monitorear en tiempo real la calidad del aire que respiran.&nbsp;&nbsp; Uno de los sistemas estar\u00e1 fijo midiendo las part\u00edculas contaminantes en el Parque Lineal Las Torres y [&hellip;]<\/p>\n","protected":false},"author":1,"featured_media":13437,"comment_status":"open","ping_status":"open","sticky":true,"template":"","format":"standard","meta":{"footnotes":""},"categories":[6],"tags":[],"_links":{"self":[{"href":"https:\/\/diariodigitalmx.com\/index.php\/wp-json\/wp\/v2\/posts\/13433"}],"collection":[{"href":"https:\/\/diariodigitalmx.com\/index.php\/wp-json\/wp\/v2\/posts"}],"about":[{"href":"https:\/\/diariodigitalmx.com\/index.php\/wp-json\/wp\/v2\/types\/post"}],"author":[{"embeddable":true,"href":"https:\/\/diariodigitalmx.com\/index.php\/wp-json\/wp\/v2\/users\/1"}],"replies":[{"embeddable":true,"href":"https:\/\/diariodigitalmx.com\/index.php\/wp-json\/wp\/v2\/comments?post=13433"}],"version-history":[{"count":8,"href":"https:\/\/diariodigitalmx.com\/index.php\/wp-json\/wp\/v2\/posts\/13433\/revisions"}],"predecessor-version":[{"id":13518,"href":"https:\/\/diariodigitalmx.com\/index.php\/wp-json\/wp\/v2\/posts\/13433\/revisions\/13518"}],"wp:featuredmedia":[{"embeddable":true,"href":"https:\/\/diariodigitalmx.com\/index.php\/wp-json\/wp\/v2\/media\/13437"}],"wp:attachment":[{"href":"https:\/\/diariodigitalmx.com\/index.php\/wp-json\/wp\/v2\/media?parent=13433"}],"wp:term":[{"taxonomy":"category","embeddable":true,"href":"https:\/\/diariodigitalmx.com\/index.php\/wp-json\/wp\/v2\/categories?post=13433"},{"taxonomy":"post_tag","embeddable":true,"href":"https:\/\/diariodigitalmx.com\/index.php\/wp-json\/wp\/v2\/tags?post=13433"}],"curies":[{"name":"wp","href":"https:\/\/api.w.org\/{rel}","templated":true}]}}