{"id":134376,"date":"2025-04-29T06:08:14","date_gmt":"2025-04-29T12:08:14","guid":{"rendered":"https:\/\/diariodigitalmx.com\/?p=134376"},"modified":"2025-04-29T06:27:45","modified_gmt":"2025-04-29T12:27:45","slug":"productora-semillas-bienestar","status":"publish","type":"post","link":"https:\/\/diariodigitalmx.com\/index.php\/2025\/04\/29\/productora-semillas-bienestar\/","title":{"rendered":"Productora semillas bienestar"},"content":{"rendered":"\n<p><\/p>\n\n\n\n<p><em>Investigaci\u00f3n Especial<\/em><\/p>\n\n\n\n<p>Alberto Gonz\u00e1lez K\u00e1ram<\/p>\n\n\n\n<p>\u2022 M\u00e9xico registra variable cobertura porcentual anual de semilla de cultivos b\u00e1sicos y estrat\u00e9gicos: Ma\u00edz de riego y temporal de 81.0, Trigo 83.2, Arroz 14.9 y 4.7 Frijol<\/p>\n\n\n\n<p>\u2022 Producci\u00f3n anual de 601 empresas de semillas certificada por Servicio Nacional de Inspecci\u00f3n y Certificaci\u00f3n de Semillas (SNICS) de 209 mil 947 toneladas en 21 cultivos<\/p>\n\n\n\n<p>M\u00e9xico tiene el compromiso de garantizar que toda persona tenga derecho a la&nbsp;<em>alimentaci\u00f3n nutritiva<\/em>,&nbsp;<em>suficiente<\/em>&nbsp;y de&nbsp;<em>calidad<\/em>&nbsp;que fortalezca la&nbsp;<em>Soberan\u00eda de la Naci\u00f3n<\/em>, mediante la&nbsp;<em>competitividad<\/em>,&nbsp;<em>fomento del crecimiento econ\u00f3mico<\/em>&nbsp;y el&nbsp;<em>empleo&nbsp;<\/em>con una m\u00e1s justa&nbsp;<em>distribuci\u00f3n del ingreso<\/em>&nbsp;y la&nbsp;<em>riqueza<\/em>&nbsp;permitiendo el pleno ejercicio de la&nbsp;<em>libertad&nbsp;<\/em>y&nbsp;<em>dignidad<\/em>&nbsp;de toda la poblaci\u00f3n.<\/p>\n\n\n\n<p>Los&nbsp;<em>peque\u00f1os<\/em>&nbsp;y&nbsp;<em>medianos productores agr\u00edcolas<\/em>&nbsp;en nuestro pa\u00eds tienen un acceso limitado a&nbsp;<em>semillas de calidad<\/em>, provocado por m\u00faltiples factores, entre los que destacan los&nbsp;<em>elevados costos<\/em>,&nbsp;<em>bajo poder adquisitivo<\/em>&nbsp;de la mayor\u00eda de los productores de nuestro pa\u00eds,&nbsp;<em>desconocimiento<\/em>&nbsp;y&nbsp;<em>carencia&nbsp;<\/em>de&nbsp;<em>semillas adecuadas<\/em>&nbsp;para las condiciones espec\u00edficas de microclimas, as\u00ed como la&nbsp;<em>baja rentabilidad<\/em>&nbsp;para&nbsp;<em>empresas productoras de semillas<\/em>.<\/p>\n\n\n\n<p>La&nbsp;<a>producci\u00f3n de&nbsp;<em>semilla certificada<\/em>&nbsp;por el&nbsp;<em>Servicio Nacional de Inspecci\u00f3n y Certificaci\u00f3n de Semillas (SNICS)<\/em>&nbsp;durante&nbsp;<em>2024<\/em>&nbsp;fue de 209 mil 947&nbsp;<em>toneladas<\/em>, proveniente de 21&nbsp;<em>cultivos<\/em><\/a>, con la participaci\u00f3n de 601&nbsp;<em>empresas productoras de semillas<\/em>&nbsp;distribuidas en todo el territorio nacional; estas cantidades var\u00edan por&nbsp;<em>ciclo agr\u00edcola<\/em>&nbsp;en funci\u00f3n de las&nbsp;<em>condiciones de mercado<\/em>&nbsp;y&nbsp;<em>ambientales<\/em>, sobre todo presencia de&nbsp;<em>sequ\u00eda<\/em>, contando con un&nbsp;<em>volumen de semillas<\/em>&nbsp;que permite cubrir el 35 por ciento de las&nbsp;<em>necesidades de semilla<\/em>&nbsp;de estos cultivos.<\/p>\n\n\n\n<p>En los&nbsp;<em>cultivos b\u00e1sicos<\/em>&nbsp;y&nbsp;<em>estrat\u00e9gicos<\/em>&nbsp;se tiene una&nbsp;<a><em>cobertura<\/em>&nbsp;de&nbsp;<em>semilla certificada&nbsp;<\/em>que es variable:&nbsp;<em>Ma\u00edz&nbsp;<\/em>de riego y buen temporal de 81.0 por ciento,&nbsp;<em>Trigo<\/em>&nbsp;83.2 por ciento,&nbsp;<em>Arroz&nbsp;<\/em>14.9 por ciento y 4.7 por ciento para&nbsp;<em>Frijol<\/em><\/a>.<\/p>\n\n\n\n<p>La&nbsp;<em>producci\u00f3n de semillas<\/em>&nbsp;para&nbsp;<em>cultivo de ma\u00edz<\/em>&nbsp;se realiza por 118&nbsp;<em>empresas<\/em>&nbsp;tanto nacionales como de&nbsp;<em>clase mundial<\/em>&nbsp;con 86 mil 172 toneladas anuales de&nbsp;<em>semilla certificada de ma\u00edz<\/em>, principalmente de&nbsp;<em>ma\u00edz blanco<\/em>, con lo que se cubren unos 3.6 millones de hect\u00e1reas bajo condiciones de&nbsp;<em>riego&nbsp;<\/em>y&nbsp;<em>buen temporal<\/em>&nbsp;que representan 81.0 por ciento del total nacional, mientras que el resto de la superficie se siembra con&nbsp;<em>semillas nativas<\/em>&nbsp;del&nbsp;<em>propio agricultor<\/em>&nbsp;adaptadas a las condiciones prevalecientes de un&nbsp;<em>temporal deficiente<\/em>&nbsp;y&nbsp;<em>suelos inadecuados<\/em>&nbsp;para el cultivo.<\/p>\n\n\n\n<p>Las 2 mil 337 toneladas de&nbsp;<em>semilla de frijol<\/em>&nbsp;cubren una superficie de 42 mil 490 hect\u00e1reas que representan el 4.7 por ciento del total dedicado a&nbsp;<em>siembra de frijol grano<\/em>.<\/p>\n\n\n\n<p>La producci\u00f3n anual de&nbsp;<em>semilla certificada de arroz<\/em>&nbsp;asciende a 731 toneladas que se cubre una superficie de 7 mil 310 hect\u00e1reas que representan 14.9 por ciento de la superficie total de siembra para grano.<\/p>\n\n\n\n<p>Las 208&nbsp;<em>empresas nacionales peque\u00f1as<\/em>&nbsp;y&nbsp;<em>medianas<\/em>&nbsp;<em>producen la certificaci\u00f3n de semilla de trigo<\/em>&nbsp;que cubren el 83.2 por ciento de la demanda nacional.<\/p>\n\n\n\n<p>La&nbsp;<em>disponibilidad de variedades<\/em>&nbsp;de&nbsp;<em>semillas calificadas<\/em>&nbsp;es variable, siendo urgente la&nbsp;<em>generaci\u00f3n<\/em>,&nbsp;<em>transferencia&nbsp;<\/em>y&nbsp;<em>producci\u00f3n<\/em>&nbsp;de&nbsp;<em>nuevas variedades<\/em>&nbsp;que aseguren la&nbsp;<em>estabilidad<\/em>,&nbsp;<em>disponibilidad<\/em>&nbsp;y&nbsp;<em>adaptabilidad<\/em>&nbsp;a las&nbsp;<em>condiciones actuales<\/em>&nbsp;y&nbsp;<em>futuras<\/em>&nbsp;del&nbsp;<em>campo mexicano<\/em>.<\/p>\n\n\n\n<p>Con la creaci\u00f3n en M\u00e9xico de la&nbsp;<em>Productora de Semillas para el Bienestar (PROSEBIEN)<\/em>&nbsp;se dar\u00e1 prioridad a la&nbsp;<em>producci\u00f3n de semilla<\/em>&nbsp;de&nbsp;<em>frijol&nbsp;<\/em>y&nbsp;<em>arroz<\/em>, a fin de incrementar el porcentaje de cobertura de la superficie cultivada con&nbsp;<em>semillas calificadas<\/em>&nbsp;para aumentar su&nbsp;<em>rendimiento<\/em>&nbsp;y&nbsp;<em>competitividad<\/em>.<\/p>\n\n\n\n<p>El&nbsp;<em>organismo descentralizado<\/em>&nbsp;denominado&nbsp;<em>Productora de Semillas para el Bienestar (PROSEBIEN)<\/em>&nbsp;dotado de personalidad jur\u00eddica y patrimonio propio, tiene por objeto incrementar la producci\u00f3n nacional de&nbsp;<em>semilla calificada de cultivos<\/em>&nbsp;que dan origen a&nbsp;<em>productos b\u00e1sicos<\/em>&nbsp;y&nbsp;<em>estrat\u00e9gicos<\/em>; fomentar esquemas para que los&nbsp;<em>peque\u00f1os&nbsp;<\/em>y&nbsp;<em>medianos productores<\/em>&nbsp;tengan&nbsp;<em>f\u00e1cil acceso<\/em>&nbsp;a&nbsp;<em>semilla calificada<\/em>&nbsp;a&nbsp;<em>precios competitivos<\/em>; promover el uso de&nbsp;<em>semilla calificada<\/em>&nbsp;para&nbsp;<em>reducir la dependencia<\/em>&nbsp;de&nbsp;<em>semillas importadas<\/em>, lo cual permitir\u00e1 el&nbsp;<em>abasto oportuno<\/em>&nbsp;y&nbsp;<em>suficiente de semillas<\/em>&nbsp;para avanzar en la&nbsp;<em>autosuficiencia<\/em>&nbsp;y&nbsp;<em>soberan\u00eda alimentaria<\/em>&nbsp;en beneficio de la&nbsp;<em>poblaci\u00f3n mexicana<\/em>.<\/p>\n\n\n\n<p>La&nbsp;<em>Productora de Semillas para el Bienestar (PROSEBIEN)<\/em>&nbsp;tiene su domicilio en el&nbsp;<em>Municipio de Calera<\/em>&nbsp;del&nbsp;<em>Estado de Zacatecas<\/em>&nbsp;y puede establecer oficinas o representaciones en las entidades federativas o, en su caso, regiones geogr\u00e1ficas que abarquen m\u00e1s de una entidad federativa, conforme a su disponibilidad presupuestaria y tiene las siguientes atribuciones:<\/p>\n\n\n\n<p><em>Producir semillas calificadas<\/em>,&nbsp;<em>realizar investigaci\u00f3n<\/em>,&nbsp;<em>transferencia de tecnolog\u00eda<\/em>,&nbsp;<em>calificaci\u00f3n de semillas<\/em>&nbsp;y&nbsp;<em>producci\u00f3n agr\u00edcola<\/em>;&nbsp;<em>asegurar la calidad<\/em>&nbsp;y&nbsp;<em>trazabilidad de las semillas<\/em>; establecer cat\u00e1logo de variedades comerciales de cultivos b\u00e1sicos y estrat\u00e9gicos;&nbsp;<em>incrementar la producci\u00f3n nacional de semillas calificadas de variedades mejoradas<\/em>&nbsp;y&nbsp;<em>fortalecer la soberan\u00eda alimentaria<\/em>;&nbsp;<em>ofrecer semilla calificada a precios accesibles para productores derechohabientes de los Programas Producci\u00f3n para el Bienestar<\/em>&nbsp;y&nbsp;<em>Fertilizantes para el Bienestar<\/em>;&nbsp;<em>convenir con los centros de investigaci\u00f3n y desarrollo tecnol\u00f3gico la generaci\u00f3n y transferencia de nuevas variedades mejoradas<\/em>; y&nbsp;<em>acordar con productores la multiplicaci\u00f3n de semillas en sus diferentes categor\u00edas<\/em>.<\/p>\n\n\n\n<p>La&nbsp;<em>Junta de Gobierno<\/em>&nbsp;se integra por las personas titulares de las siguientes dependencias:&nbsp;<em>Secretar\u00eda de Agricultura y Desarrollo Rural, Secretar\u00eda de Hacienda y Cr\u00e9dito P\u00fablico, Secretar\u00eda de Bienestar, Secretar\u00eda de Econom\u00eda,&nbsp;<\/em>y<em>&nbsp;Secretar\u00eda de Salud.<\/em><\/p>\n\n\n\n<p>La&nbsp;<em>Junta de Gobierno<\/em>&nbsp;se instalar\u00e1 en un periodo no mayor a&nbsp;<em>cuarenta y cinco d\u00edas naturales<\/em>&nbsp;siguientes a la entrada en vigor del&nbsp;<em>decreto presidencial<\/em>&nbsp;publicado en el&nbsp;<em>Diario Oficial de la Federaci\u00f3n (DOF)<\/em>&nbsp;del&nbsp;<em>25 de abril del 2025<\/em>.<\/p>\n\n\n\n<p>El&nbsp;<em>Estatuto Org\u00e1nico<\/em>&nbsp;de la&nbsp;<em>Productora de Semillas para el Bienestar (PROSEBIEN)<\/em>&nbsp;ser\u00e1 aprobado por la&nbsp;<em>Junta de Gobierno<\/em>&nbsp;en un plazo no mayor a&nbsp;<em>ciento ochenta d\u00edas naturales&nbsp;<\/em>contados a partir de su instalaci\u00f3n, el cual deber\u00e1 ser publicado en el&nbsp;<em>Diario Oficial de la Federaci\u00f3n (DOF)<\/em>.<\/p>\n\n\n\n<p>Las&nbsp;<em>erogaciones<\/em>&nbsp;que se generen con motivo de la entrada en vigor del&nbsp;<em>decreto presidencial<\/em>&nbsp;se cubrir\u00e1n con cargo al&nbsp;<em>presupuesto autorizado<\/em>&nbsp;para la&nbsp;<em>Secretar\u00eda de Agricultura y Desarrollo Rural&nbsp;<\/em>en el&nbsp;<em>ejercicio fiscal 2025<\/em>&nbsp;y en los subsecuentes, con cargo a los recursos que conformen el patrimonio de la propia&nbsp;<em>Productora de Semillas para el Bienestar (PROSEBIEN)<\/em>&nbsp;que apruebe la&nbsp;<em>C\u00e1mara de Diputados<\/em>.<\/p>\n","protected":false},"excerpt":{"rendered":"<p>Investigaci\u00f3n Especial Alberto Gonz\u00e1lez K\u00e1ram \u2022 M\u00e9xico registra variable cobertura porcentual anual de semilla de cultivos b\u00e1sicos y estrat\u00e9gicos: Ma\u00edz de riego y temporal de 81.0, Trigo 83.2, Arroz 14.9 y 4.7 Frijol \u2022 Producci\u00f3n anual de 601 empresas de semillas certificada por Servicio Nacional de Inspecci\u00f3n y Certificaci\u00f3n de Semillas (SNICS) de 209 mil [&hellip;]<\/p>\n","protected":false},"author":1,"featured_media":134392,"comment_status":"open","ping_status":"open","sticky":true,"template":"","format":"standard","meta":{"footnotes":""},"categories":[2],"tags":[],"_links":{"self":[{"href":"https:\/\/diariodigitalmx.com\/index.php\/wp-json\/wp\/v2\/posts\/134376"}],"collection":[{"href":"https:\/\/diariodigitalmx.com\/index.php\/wp-json\/wp\/v2\/posts"}],"about":[{"href":"https:\/\/diariodigitalmx.com\/index.php\/wp-json\/wp\/v2\/types\/post"}],"author":[{"embeddable":true,"href":"https:\/\/diariodigitalmx.com\/index.php\/wp-json\/wp\/v2\/users\/1"}],"replies":[{"embeddable":true,"href":"https:\/\/diariodigitalmx.com\/index.php\/wp-json\/wp\/v2\/comments?post=134376"}],"version-history":[{"count":1,"href":"https:\/\/diariodigitalmx.com\/index.php\/wp-json\/wp\/v2\/posts\/134376\/revisions"}],"predecessor-version":[{"id":134377,"href":"https:\/\/diariodigitalmx.com\/index.php\/wp-json\/wp\/v2\/posts\/134376\/revisions\/134377"}],"wp:featuredmedia":[{"embeddable":true,"href":"https:\/\/diariodigitalmx.com\/index.php\/wp-json\/wp\/v2\/media\/134392"}],"wp:attachment":[{"href":"https:\/\/diariodigitalmx.com\/index.php\/wp-json\/wp\/v2\/media?parent=134376"}],"wp:term":[{"taxonomy":"category","embeddable":true,"href":"https:\/\/diariodigitalmx.com\/index.php\/wp-json\/wp\/v2\/categories?post=134376"},{"taxonomy":"post_tag","embeddable":true,"href":"https:\/\/diariodigitalmx.com\/index.php\/wp-json\/wp\/v2\/tags?post=134376"}],"curies":[{"name":"wp","href":"https:\/\/api.w.org\/{rel}","templated":true}]}}