{"id":134395,"date":"2025-04-29T06:35:13","date_gmt":"2025-04-29T12:35:13","guid":{"rendered":"https:\/\/diariodigitalmx.com\/?p=134395"},"modified":"2025-04-29T06:40:09","modified_gmt":"2025-04-29T12:40:09","slug":"solicita-ivonne-alvarez-licencia-al-cargo-de-diputada","status":"publish","type":"post","link":"https:\/\/diariodigitalmx.com\/index.php\/2025\/04\/29\/solicita-ivonne-alvarez-licencia-al-cargo-de-diputada\/","title":{"rendered":"Solicita Ivonne \u00c1lvarez licencia al cargo de Diputada"},"content":{"rendered":"\n<p>La Diputada local del PRI, Ivonne \u00c1lvarez Garc\u00eda solicit\u00f3 licencia de forma indefinida al cargo de Diputada Propietaria del Distrito I, a partir del pr\u00f3ximo 1 de mayo.<\/p>\n\n\n\n<p>A petici\u00f3n del legislador H\u00e9ctor Morales, la solicitud de licencia que fue presentada en asuntos en cartera, se remiti\u00f3 con car\u00e1cter de urgente a la Comisi\u00f3n de Gobernaci\u00f3n y Organizaci\u00f3n Interna de los Poderes para su dictaminaci\u00f3n.&nbsp;<\/p>\n\n\n\n<p>A trav\u00e9s de un video difundido en sus redes sociales, la legisladora tricolor anunci\u00f3 que tras recibir una invitaci\u00f3n se suma al gabinete del alcalde de Monterrey, Adri\u00e1n de la Garza como nueva Directora General del DIF municipal donde har\u00e1 mancuerna con Gabriela Oyervides, Presidenta del DIF regio.<\/p>\n\n\n\n<p>\u00c1lvarez Garc\u00eda agradeci\u00f3 el apoyo brindado por los ciudadanos que viven en Distrito I y asegur\u00f3 que seguir\u00e1 trabajando en cada compromiso que realiz\u00f3 con ellos.<\/p>\n\n\n\n<p>\u201cA mi gran distrito que tanto quiero y que le estoy profundamente le estoy agradecida les digo que de ninguna manera los voy abandonar, su gente me conoce y sabe que voy a continuar cerquita, trabajando juntos para seguir resolviendo todos los compromisos que hice con su gente y sus colonias\u201d, manifest\u00f3.<\/p>\n\n\n\n<p>\u201cPara m\u00ed es un gran honor y tom\u00f3 este reto con bastante responsabilidad trabajar junto a Gaby por las familias de Monterrey, por nuestros adultos mayores, nuestras personas con discapacidad, nuestras mujeres, nuestros ni\u00f1os, pero sobre todo las zonas m\u00e1s vulnerables de este gran municipio\u201d, agreg\u00f3.<\/p>\n\n\n\n<p>\u00c1lvarez Garc\u00eda inform\u00f3 que su comit\u00e9 de gestor\u00eda seguir\u00e1 operando de la mano de su suplente Betty Garza con todos los programas que hasta el momento se han puesto al servicio de los ciudadanos.<\/p>\n\n\n\n<p>\u201cEstoy muy contenta y pondr\u00e9 toda mi experiencia y mi capacidad para brindar los mejores resultados, trabajar\u00e9 con toda mi pasi\u00f3n, y mi responsabilidad\u201d, refiri\u00f3 \u00c1lvarez Garc\u00eda.<\/p>\n","protected":false},"excerpt":{"rendered":"<p>La Diputada local del PRI, Ivonne \u00c1lvarez Garc\u00eda solicit\u00f3 licencia de forma indefinida al cargo de Diputada Propietaria del Distrito I, a partir del pr\u00f3ximo 1 de mayo. A petici\u00f3n del legislador H\u00e9ctor Morales, la solicitud de licencia que fue presentada en asuntos en cartera, se remiti\u00f3 con car\u00e1cter de urgente a la Comisi\u00f3n de [&hellip;]<\/p>\n","protected":false},"author":1,"featured_media":134400,"comment_status":"open","ping_status":"open","sticky":true,"template":"","format":"standard","meta":{"footnotes":""},"categories":[6],"tags":[],"_links":{"self":[{"href":"https:\/\/diariodigitalmx.com\/index.php\/wp-json\/wp\/v2\/posts\/134395"}],"collection":[{"href":"https:\/\/diariodigitalmx.com\/index.php\/wp-json\/wp\/v2\/posts"}],"about":[{"href":"https:\/\/diariodigitalmx.com\/index.php\/wp-json\/wp\/v2\/types\/post"}],"author":[{"embeddable":true,"href":"https:\/\/diariodigitalmx.com\/index.php\/wp-json\/wp\/v2\/users\/1"}],"replies":[{"embeddable":true,"href":"https:\/\/diariodigitalmx.com\/index.php\/wp-json\/wp\/v2\/comments?post=134395"}],"version-history":[{"count":1,"href":"https:\/\/diariodigitalmx.com\/index.php\/wp-json\/wp\/v2\/posts\/134395\/revisions"}],"predecessor-version":[{"id":134396,"href":"https:\/\/diariodigitalmx.com\/index.php\/wp-json\/wp\/v2\/posts\/134395\/revisions\/134396"}],"wp:featuredmedia":[{"embeddable":true,"href":"https:\/\/diariodigitalmx.com\/index.php\/wp-json\/wp\/v2\/media\/134400"}],"wp:attachment":[{"href":"https:\/\/diariodigitalmx.com\/index.php\/wp-json\/wp\/v2\/media?parent=134395"}],"wp:term":[{"taxonomy":"category","embeddable":true,"href":"https:\/\/diariodigitalmx.com\/index.php\/wp-json\/wp\/v2\/categories?post=134395"},{"taxonomy":"post_tag","embeddable":true,"href":"https:\/\/diariodigitalmx.com\/index.php\/wp-json\/wp\/v2\/tags?post=134395"}],"curies":[{"name":"wp","href":"https:\/\/api.w.org\/{rel}","templated":true}]}}