{"id":134397,"date":"2025-04-29T06:36:03","date_gmt":"2025-04-29T12:36:03","guid":{"rendered":"https:\/\/diariodigitalmx.com\/?p=134397"},"modified":"2025-04-29T06:37:33","modified_gmt":"2025-04-29T12:37:33","slug":"demanda-congreso-cuentas-claras-de-impuesto-verde","status":"publish","type":"post","link":"https:\/\/diariodigitalmx.com\/index.php\/2025\/04\/29\/demanda-congreso-cuentas-claras-de-impuesto-verde\/","title":{"rendered":"Demanda Congreso cuentas claras de Impuesto Verde"},"content":{"rendered":"\n<p>A petici\u00f3n de la Diputada local del PRI, Gabriela Govea L\u00f3pez, el Congreso local aprob\u00f3 por unanimidad solicitar al Gobierno del Estado que informe porqu\u00e9 se redujo la recaudaci\u00f3n del \u201cImpuesto Verde\u201d, en el a\u00f1o 2024 donde hubo m\u00e1s contaminaci\u00f3n.<\/p>\n\n\n\n<p>La tambi\u00e9n presidenta de la Comisi\u00f3n de Salud puntualiz\u00f3 que el Gobierno del Estado, inform\u00f3 que en 2022 se recolectaron 934 millones; en 2023 se recibieron 2 mil 034 millones; mientras que el a\u00f1o pasado se recaudaron mil 804 millones de pesos.<\/p>\n\n\n\n<p>\u201cLa disminuci\u00f3n en los ingresos recaudados bajo el concepto del impuesto verde, especialmente en un a\u00f1o donde la contaminaci\u00f3n ha alcanzado niveles alarmantes, resalta una preocupaci\u00f3n constante. Lo que genera incertidumbre y desconfianza\u201d, cuestion\u00f3.<\/p>\n\n\n\n<p>\u201cLa ciudadan\u00eda leg\u00edtimamente exige una rendici\u00f3n de cuentas clara y detallada sobre c\u00f3mo se recauda y, sobre todo, en qu\u00e9 se destina este dinero que deber\u00eda tener un impacto directo y positivo en la mejora del medio ambiente\u201d, asever\u00f3.<\/p>\n\n\n\n<p>Govea L\u00f3pez detall\u00f3 que es imperioso que las autoridades informen de manera transparente y accesible los criterios bajo los cuales se calcula y recauda el impuesto verde, a qu\u00e9 empresas se obliga a pagar, hasta la asignaci\u00f3n de los recursos en programas espec\u00edficos para combatir la contaminaci\u00f3n y mejorar la calidad del aire.<\/p>\n\n\n\n<p>\u201cEs nuestro derecho como sociedad estar informados y nuestra responsabilidad exigir un cambio que garantice un futuro m\u00e1s limpio y sostenible para Nuevo Le\u00f3n\u201d, demand\u00f3.<\/p>\n\n\n\n<p>\u201cLa calidad del aire y la salud de nuestra poblaci\u00f3n no pueden estar sujetas a malos manejos o a la opacidad, por lo tanto, seguiremos demandando respuestas claras y resultados tangibles, as\u00ed como mecanismos que garanticen el uso eficiente y honesto de los recursos generados por el impuesto verde\u201d, agreg\u00f3 Govea L\u00f3pez.&nbsp;<\/p>\n","protected":false},"excerpt":{"rendered":"<p>A petici\u00f3n de la Diputada local del PRI, Gabriela Govea L\u00f3pez, el Congreso local aprob\u00f3 por unanimidad solicitar al Gobierno del Estado que informe porqu\u00e9 se redujo la recaudaci\u00f3n del \u201cImpuesto Verde\u201d, en el a\u00f1o 2024 donde hubo m\u00e1s contaminaci\u00f3n. La tambi\u00e9n presidenta de la Comisi\u00f3n de Salud puntualiz\u00f3 que el Gobierno del Estado, inform\u00f3 [&hellip;]<\/p>\n","protected":false},"author":1,"featured_media":134399,"comment_status":"open","ping_status":"open","sticky":true,"template":"","format":"standard","meta":{"footnotes":""},"categories":[6],"tags":[],"_links":{"self":[{"href":"https:\/\/diariodigitalmx.com\/index.php\/wp-json\/wp\/v2\/posts\/134397"}],"collection":[{"href":"https:\/\/diariodigitalmx.com\/index.php\/wp-json\/wp\/v2\/posts"}],"about":[{"href":"https:\/\/diariodigitalmx.com\/index.php\/wp-json\/wp\/v2\/types\/post"}],"author":[{"embeddable":true,"href":"https:\/\/diariodigitalmx.com\/index.php\/wp-json\/wp\/v2\/users\/1"}],"replies":[{"embeddable":true,"href":"https:\/\/diariodigitalmx.com\/index.php\/wp-json\/wp\/v2\/comments?post=134397"}],"version-history":[{"count":1,"href":"https:\/\/diariodigitalmx.com\/index.php\/wp-json\/wp\/v2\/posts\/134397\/revisions"}],"predecessor-version":[{"id":134398,"href":"https:\/\/diariodigitalmx.com\/index.php\/wp-json\/wp\/v2\/posts\/134397\/revisions\/134398"}],"wp:featuredmedia":[{"embeddable":true,"href":"https:\/\/diariodigitalmx.com\/index.php\/wp-json\/wp\/v2\/media\/134399"}],"wp:attachment":[{"href":"https:\/\/diariodigitalmx.com\/index.php\/wp-json\/wp\/v2\/media?parent=134397"}],"wp:term":[{"taxonomy":"category","embeddable":true,"href":"https:\/\/diariodigitalmx.com\/index.php\/wp-json\/wp\/v2\/categories?post=134397"},{"taxonomy":"post_tag","embeddable":true,"href":"https:\/\/diariodigitalmx.com\/index.php\/wp-json\/wp\/v2\/tags?post=134397"}],"curies":[{"name":"wp","href":"https:\/\/api.w.org\/{rel}","templated":true}]}}