{"id":134402,"date":"2025-04-29T06:53:22","date_gmt":"2025-04-29T12:53:22","guid":{"rendered":"https:\/\/diariodigitalmx.com\/?p=134402"},"modified":"2025-04-29T06:54:12","modified_gmt":"2025-04-29T12:54:12","slug":"irregularidades-ante-necesidades-de-vivienda","status":"publish","type":"post","link":"https:\/\/diariodigitalmx.com\/index.php\/2025\/04\/29\/irregularidades-ante-necesidades-de-vivienda\/","title":{"rendered":"Irregularidades ante necesidades de vivienda"},"content":{"rendered":"\n<p>De frente y de perfil<\/p>\n\n\n\n<p>Ram\u00f3n Zurita Sahag\u00fan<\/p>\n\n\n\n<p>Sinaloa escala en la atenci\u00f3n ciudadana y no es precisamente porque est\u00e1n resolviendo sus problemas de violencia e inseguridad.<\/p>\n\n\n\n<p>En Sinaloa saltan los problemas de todo tipo que van desde las muertes violentas, la presencia de los grupos delincuenciales, el desafuero del alcalde de Ahome y la decisi\u00f3n del cabildo de Culiac\u00e1n de usufructuar terrenos destinados al mejoramiento urbano.<\/p>\n\n\n\n<p>Resolver el compromiso de construir un mill\u00f3n de viviendas se est\u00e1 convirtiendo en un gran problema para el sector p\u00fablico.<\/p>\n\n\n\n<p>En M\u00e9xico existe un d\u00e9ficit de diez millones de viviendas, por lo que el gobierno federal se ech\u00f3 encima la tarea de ir resolviendo el rezago, iniciando con el proyecto de un mill\u00f3n.<\/p>\n\n\n\n<p>Para realizarlo requiere de los terrenos necesarios para ello, los que habr\u00e1 de urbanizar, para dotar a la poblaci\u00f3n de una vivienda digna.<\/p>\n\n\n\n<p>La tarea no es sencilla, ya que se buscan predios que no est\u00e9n lejanos de los centros urbanos, para evitar problemas como los creados por una serie de edificaciones realizadas en el pasado, las que han sido abandonadas (cerca de 400 mil) ante la carencia de urbanizaci\u00f3n y la lejan\u00eda de los centros de trabajo.<\/p>\n\n\n\n<p>El programa implementado por el Infonavit prev\u00e9 una estrategia para propiedades abandonadas, el que lleva como prop\u00f3sito acondicionarlos para que alguien m\u00e1s radique en ellas y, tal vez, en un futuro exista la posibilidad de comprarlas, aunque de momento no se han dado a conocer cu\u00e1les ser\u00edan los par\u00e1metros y requisitos para ello.<\/p>\n\n\n\n<p>Con el Programa Nacional de Vivienda se busca beneficiar sobre todo a los trabajadores que ganen hasta dos salarios m\u00ednimos, que para 2025 ser\u00e1n de 16 mil 728 pesos mensuales.<\/p>\n\n\n\n<p>De acuerdo con el esquema del gobierno federal se planea iniciar la construcci\u00f3n de 1 mill\u00f3n de viviendas nuevas a principios de 2025. La mayor cantidad de ellas se construir\u00e1n en la regi\u00f3n sur del pa\u00eds, con 325 mil casas, seguidas por la regi\u00f3n centro con 239 mil 400, la regi\u00f3n centro norte con 228 mil 800, y la regi\u00f3n norte con 206 mil 800.&nbsp;<\/p>\n\n\n\n<p>Y es aqu\u00ed donde inician los problemas pues la urgencia de conseguir los terrenos necesarios para los desarrollos habitacionales est\u00e1 provocando complicaciones.<\/p>\n\n\n\n<p>Como referencia se encuentra el caso de Puebla, donde el gobernador Alejandro Armenta Mier amag\u00f3 a una empresa desarrolladora con expropiar cuatro hect\u00e1reas en caso de negarse a donar dos hect\u00e1reas, necesarias para la construcci\u00f3n de trabajadores.<\/p>\n\n\n\n<p>La negativa de la empresa escal\u00f3 a altos niveles y Armenta Mier se vio obligado a recular y pactar con otras desarrolladoras, las que, simplemente, le cedieron los espacios necesarios.<\/p>\n\n\n\n<p>En Culiac\u00e1n se present\u00f3 un problema similar con el ayuntamiento en su b\u00fasqueda de tierras, por lo que emiti\u00f3 un decreto que aprueba el cambio de uso de suelo de terrenos reservados para el mejoramiento urbano.<\/p>\n\n\n\n<p>Se trata de predios cedidos por las desarrolladoras para detonar la urbanizaci\u00f3n, mediante la construcci\u00f3n de parques, jardines y otras necesidades de los habitantes de esos fraccionamientos, con lo que ahora el cabildo incumple, sin tomar en cuenta a los habitantes de los mismos.<\/p>\n\n\n\n<p>La disputa escala de nivel y las protestas de los habitantes se hacen m\u00e1s notorias y aclaran que no se trata de ir en contra del programa de vivienda, pero s\u00ed contrario a que se reduzcan sus \u00e1reas verdes.<\/p>\n\n\n\n<p>Veremos en que otras poblaciones se detona este problema que amenaza con escalar altos niveles, ante la indiferencia de las autoridades.<\/p>\n\n\n\n<p>&nbsp; &nbsp; &nbsp; &nbsp; &nbsp; &nbsp; &nbsp; &nbsp; &nbsp; &nbsp; &nbsp; &nbsp; &nbsp; &nbsp; &nbsp; &nbsp; &nbsp; &nbsp; &nbsp; &nbsp; &nbsp; &nbsp; &nbsp; &nbsp; &nbsp; &nbsp; &nbsp; &nbsp; &nbsp; &nbsp;\u2026\u2026\u2026\u2026\u2026\u2026\u2026\u2026\u2026\u2026\u2026..<\/p>\n\n\n\n<p>Ante su eventual desafuero, el alcalde de Ahome (Los Mochis), Sinaloa, Gerardo Vargas Landeros, advirti\u00f3 que va con todo para defenderse. Mi principal patrimonio es mi nombre y mi imagen, dijo.<\/p>\n\n\n\n<p>Email:&nbsp;<a href=\"mailto:ramonzurita44@hotmail.com\" target=\"_blank\" rel=\"noreferrer noopener\">ramonzurita44@hotmail.com<\/a><\/p>\n\n\n\n<p>Email:&nbsp;<a href=\"mailto:ramonzurita44@gmail.com\" target=\"_blank\" rel=\"noreferrer noopener\">ramonzurita44@gmail.com<\/a><\/p>\n","protected":false},"excerpt":{"rendered":"<p>De frente y de perfil Ram\u00f3n Zurita Sahag\u00fan Sinaloa escala en la atenci\u00f3n ciudadana y no es precisamente porque est\u00e1n resolviendo sus problemas de violencia e inseguridad. En Sinaloa saltan los problemas de todo tipo que van desde las muertes violentas, la presencia de los grupos delincuenciales, el desafuero del alcalde de Ahome y la [&hellip;]<\/p>\n","protected":false},"author":1,"featured_media":133731,"comment_status":"open","ping_status":"open","sticky":true,"template":"","format":"standard","meta":{"footnotes":""},"categories":[12],"tags":[],"_links":{"self":[{"href":"https:\/\/diariodigitalmx.com\/index.php\/wp-json\/wp\/v2\/posts\/134402"}],"collection":[{"href":"https:\/\/diariodigitalmx.com\/index.php\/wp-json\/wp\/v2\/posts"}],"about":[{"href":"https:\/\/diariodigitalmx.com\/index.php\/wp-json\/wp\/v2\/types\/post"}],"author":[{"embeddable":true,"href":"https:\/\/diariodigitalmx.com\/index.php\/wp-json\/wp\/v2\/users\/1"}],"replies":[{"embeddable":true,"href":"https:\/\/diariodigitalmx.com\/index.php\/wp-json\/wp\/v2\/comments?post=134402"}],"version-history":[{"count":1,"href":"https:\/\/diariodigitalmx.com\/index.php\/wp-json\/wp\/v2\/posts\/134402\/revisions"}],"predecessor-version":[{"id":134403,"href":"https:\/\/diariodigitalmx.com\/index.php\/wp-json\/wp\/v2\/posts\/134402\/revisions\/134403"}],"wp:featuredmedia":[{"embeddable":true,"href":"https:\/\/diariodigitalmx.com\/index.php\/wp-json\/wp\/v2\/media\/133731"}],"wp:attachment":[{"href":"https:\/\/diariodigitalmx.com\/index.php\/wp-json\/wp\/v2\/media?parent=134402"}],"wp:term":[{"taxonomy":"category","embeddable":true,"href":"https:\/\/diariodigitalmx.com\/index.php\/wp-json\/wp\/v2\/categories?post=134402"},{"taxonomy":"post_tag","embeddable":true,"href":"https:\/\/diariodigitalmx.com\/index.php\/wp-json\/wp\/v2\/tags?post=134402"}],"curies":[{"name":"wp","href":"https:\/\/api.w.org\/{rel}","templated":true}]}}