{"id":134427,"date":"2025-04-30T10:44:14","date_gmt":"2025-04-30T16:44:14","guid":{"rendered":"https:\/\/diariodigitalmx.com\/?p=134427"},"modified":"2025-04-30T10:45:54","modified_gmt":"2025-04-30T16:45:54","slug":"cada-vez-que-me-voy","status":"publish","type":"post","link":"https:\/\/diariodigitalmx.com\/index.php\/2025\/04\/30\/cada-vez-que-me-voy\/","title":{"rendered":"Cada vez que me voy"},"content":{"rendered":"\n<p>Gerson G\u00f3mez Salas<\/p>\n\n\n\n<p>Impopular. Cada a\u00f1o deb\u00edamos ajustar el reloj biol\u00f3gico. La medida de modificar una hora el reloj. Solo funcion\u00f3 para los ejecutivos de las compa\u00f1\u00edas transnacionales. Para quienes viajamos en cami\u00f3n significaba salir de madrugada.<\/p>\n\n\n\n<p>Caminar en las penumbras. Las olas humanas en las estaciones. Ni siquiera la ducha con agua al tiempo. Bostezo, prisa y errores de toda forma.<\/p>\n\n\n\n<p>Al retorno. Los aun quemantes rayos del sol. Ning\u00fan ahorro significativo en los consumos de servicios el\u00e9ctricos. Incluso incrementados los costos al bolsillo.<\/p>\n\n\n\n<p>Celebramos el final de la esclavitud del horario de verano. El presidencialismo sexenal anterior o\u00eddo al clamor. Aun falta para recuperar la dignidad de la pensi\u00f3n para las nuevas generaciones a la deriva.<\/p>\n\n\n\n<p>La ordenanza de primer mundismo condena aun a la infidelidad laboral. As\u00ed como la imprecisi\u00f3n del horario de verano lo fue.<\/p>\n\n\n\n<p>Todav\u00eda el caos financiero, las enormes vialidades colapsadas, demeritan la calidad de vida en las zonas urbanas. En el campo, quienes lo trabajan, siguen levant\u00e1ndose al canto del gallo.<\/p>\n\n\n\n<p>Las mujeres ya prepararon el itacate de alimentos para sus parejas e hijos. Van a la aventura cotidiana. Ver crecer los sembrad\u00edos. Alzar la voz en plegaria permanente por la lluvia. No copiosa para envenenar las parcelas. La justa de humedad.<\/p>\n\n\n\n<p>Cualquier nube en los cielos significa esperanza. Por ah\u00ed viene el agua por los cerritos. Cambios de horarios solo en la pen\u00ednsula de Yucat\u00e1n, en Sonora y las Bajas Californias.<\/p>\n\n\n\n<p>El turista extranjero avenido a gastar en diversi\u00f3n, amenidades y consumo alto de alcohol.<\/p>\n\n\n\n<p>Solo la frontera norte, los pasos fronterizos, conservan la medida. Todo, para coordinarse con los Estados Unidos de Am\u00e9rica.<\/p>\n\n\n\n<p>Solo falta eso. La exigencia al gobierno de Claudia Sheinbaum de reinstaurar el horario de verano. O impondr\u00e1n aranceles por el uso del sol y del tiempo perdido.<\/p>\n","protected":false},"excerpt":{"rendered":"<p>Gerson G\u00f3mez Salas Impopular. Cada a\u00f1o deb\u00edamos ajustar el reloj biol\u00f3gico. La medida de modificar una hora el reloj. Solo funcion\u00f3 para los ejecutivos de las compa\u00f1\u00edas transnacionales. Para quienes viajamos en cami\u00f3n significaba salir de madrugada. Caminar en las penumbras. Las olas humanas en las estaciones. Ni siquiera la ducha con agua al tiempo. [&hellip;]<\/p>\n","protected":false},"author":1,"featured_media":132829,"comment_status":"open","ping_status":"open","sticky":true,"template":"","format":"standard","meta":{"footnotes":""},"categories":[12],"tags":[],"_links":{"self":[{"href":"https:\/\/diariodigitalmx.com\/index.php\/wp-json\/wp\/v2\/posts\/134427"}],"collection":[{"href":"https:\/\/diariodigitalmx.com\/index.php\/wp-json\/wp\/v2\/posts"}],"about":[{"href":"https:\/\/diariodigitalmx.com\/index.php\/wp-json\/wp\/v2\/types\/post"}],"author":[{"embeddable":true,"href":"https:\/\/diariodigitalmx.com\/index.php\/wp-json\/wp\/v2\/users\/1"}],"replies":[{"embeddable":true,"href":"https:\/\/diariodigitalmx.com\/index.php\/wp-json\/wp\/v2\/comments?post=134427"}],"version-history":[{"count":1,"href":"https:\/\/diariodigitalmx.com\/index.php\/wp-json\/wp\/v2\/posts\/134427\/revisions"}],"predecessor-version":[{"id":134428,"href":"https:\/\/diariodigitalmx.com\/index.php\/wp-json\/wp\/v2\/posts\/134427\/revisions\/134428"}],"wp:featuredmedia":[{"embeddable":true,"href":"https:\/\/diariodigitalmx.com\/index.php\/wp-json\/wp\/v2\/media\/132829"}],"wp:attachment":[{"href":"https:\/\/diariodigitalmx.com\/index.php\/wp-json\/wp\/v2\/media?parent=134427"}],"wp:term":[{"taxonomy":"category","embeddable":true,"href":"https:\/\/diariodigitalmx.com\/index.php\/wp-json\/wp\/v2\/categories?post=134427"},{"taxonomy":"post_tag","embeddable":true,"href":"https:\/\/diariodigitalmx.com\/index.php\/wp-json\/wp\/v2\/tags?post=134427"}],"curies":[{"name":"wp","href":"https:\/\/api.w.org\/{rel}","templated":true}]}}