{"id":134445,"date":"2025-05-01T08:12:16","date_gmt":"2025-05-01T14:12:16","guid":{"rendered":"https:\/\/diariodigitalmx.com\/?p=134445"},"modified":"2025-05-01T08:47:04","modified_gmt":"2025-05-01T14:47:04","slug":"tiene-escobedo-macro-festejos-por-el-dia-del-nino-festeja-a-reyes-del-hogar","status":"publish","type":"post","link":"https:\/\/diariodigitalmx.com\/index.php\/2025\/05\/01\/tiene-escobedo-macro-festejos-por-el-dia-del-nino-festeja-a-reyes-del-hogar\/","title":{"rendered":"Tiene Escobedo macro festejos por el &#8220;D\u00eda del Ni\u00f1o&#8221;; festeja a reyes del hogar"},"content":{"rendered":"\n<p>Con un gran ambiente, m\u00fasica, regalos y shows infantiles el Municipio de Escobedo festej\u00f3 este D\u00eda del Ni\u00f1o a los \u201creyes del hogar\u201d.<br>El Alcalde Andr\u00e9s Mijes encabez\u00f3 este mi\u00e9rcoles el \u201cFestival D\u00eda del Ni\u00f1o\u201d donde en punto de las 5:00 de la tarde la alegr\u00eda comenz\u00f3 a invadir la Plaza Principal, que en esta ocasi\u00f3n estaba adornada con macro figuras del famoso videojuego Mario Bros.<br>Las familias pudieron aprovechar para degustar alg\u00fan antojito o comprar m\u00faltiples novedades entre los puestos que se instalaron a los alrededores de la Presidencia Municipal. Tambi\u00e9n, disfrutaron de los distintos juegos mec\u00e1nicos, espect\u00e1culos musicales y show infantiles.<\/p>\n\n\n\n<figure class=\"wp-block-image size-large\"><img loading=\"lazy\" decoding=\"async\" width=\"1024\" height=\"682\" src=\"https:\/\/diariodigitalmx.com\/wp-content\/uploads\/2025\/05\/4943057279939358287-1024x682.jpg\" alt=\"\" class=\"wp-image-134461\" srcset=\"https:\/\/diariodigitalmx.com\/wp-content\/uploads\/2025\/05\/4943057279939358287-1024x682.jpg 1024w, https:\/\/diariodigitalmx.com\/wp-content\/uploads\/2025\/05\/4943057279939358287-300x200.jpg 300w, https:\/\/diariodigitalmx.com\/wp-content\/uploads\/2025\/05\/4943057279939358287-768x512.jpg 768w, https:\/\/diariodigitalmx.com\/wp-content\/uploads\/2025\/05\/4943057279939358287.jpg 1280w\" sizes=\"(max-width: 1024px) 100vw, 1024px\" \/><\/figure>\n\n\n\n<p><br>Mijes se\u00f1al\u00f3 las ni\u00f1as y los ni\u00f1os son la clave para un nuevo futuro, por eso en la 4T Norte\u00f1a se trabajar arduamente para garantizarles bienestar con acciones que ayuden a su sano desarrollo.<\/p>\n\n\n\n<figure class=\"wp-block-image size-full\"><img loading=\"lazy\" decoding=\"async\" width=\"720\" height=\"588\" src=\"https:\/\/diariodigitalmx.com\/wp-content\/uploads\/2025\/05\/Screenshot_20250501_084346_Android-System-1.jpg\" alt=\"\" class=\"wp-image-134464\" srcset=\"https:\/\/diariodigitalmx.com\/wp-content\/uploads\/2025\/05\/Screenshot_20250501_084346_Android-System-1.jpg 720w, https:\/\/diariodigitalmx.com\/wp-content\/uploads\/2025\/05\/Screenshot_20250501_084346_Android-System-1-300x245.jpg 300w\" sizes=\"(max-width: 720px) 100vw, 720px\" \/><\/figure>\n\n\n\n<p>Porque en Escobedo la prosperidad se comparte, la fiesta se llev\u00f3 a varias colonias del Municipio, en donde se llev\u00f3 diversi\u00f3n, regalos y alegr\u00eda a cientos de familias, fomentando la inclusi\u00f3n y el derecho al juego.<br>El cierre de las celebraciones tuvo lugar con un macrofestejo en la Plaza Principal, donde los verdaderos protagonistas, los reyes del hogar, disfrutaron de una fiesta sana con juegos mec\u00e1nicos, espect\u00e1culos, m\u00fasica y muchas sorpresas.<\/p>\n\n\n\n<figure class=\"wp-block-image size-large\"><img loading=\"lazy\" decoding=\"async\" width=\"1024\" height=\"576\" src=\"https:\/\/diariodigitalmx.com\/wp-content\/uploads\/2025\/05\/4943057279939358289-1024x576.jpg\" alt=\"\" class=\"wp-image-134463\" srcset=\"https:\/\/diariodigitalmx.com\/wp-content\/uploads\/2025\/05\/4943057279939358289-1024x576.jpg 1024w, https:\/\/diariodigitalmx.com\/wp-content\/uploads\/2025\/05\/4943057279939358289-300x169.jpg 300w, https:\/\/diariodigitalmx.com\/wp-content\/uploads\/2025\/05\/4943057279939358289-768x432.jpg 768w, https:\/\/diariodigitalmx.com\/wp-content\/uploads\/2025\/05\/4943057279939358289.jpg 1280w\" sizes=\"(max-width: 1024px) 100vw, 1024px\" \/><\/figure>\n\n\n\n<p><br>En este espacio, la fiesta fue amenizada por \u201cLos Chicharrines\u201d, \u201cCupy, el payaso\u201d y \u201cPeque\u00f1itos Show\u201d adem\u00e1s de animadores infantiles.<br>Con estas acciones, el Gobierno Municipal reafirma su compromiso de seguir construyendo un Escobedo m\u00e1s justo, alegre y con oportunidades para todos.<\/p>\n","protected":false},"excerpt":{"rendered":"<p>Con un gran ambiente, m\u00fasica, regalos y shows infantiles el Municipio de Escobedo festej\u00f3 este D\u00eda del Ni\u00f1o a los \u201creyes del hogar\u201d.El Alcalde Andr\u00e9s Mijes encabez\u00f3 este mi\u00e9rcoles el \u201cFestival D\u00eda del Ni\u00f1o\u201d donde en punto de las 5:00 de la tarde la alegr\u00eda comenz\u00f3 a invadir la Plaza Principal, que en esta ocasi\u00f3n [&hellip;]<\/p>\n","protected":false},"author":1,"featured_media":134460,"comment_status":"open","ping_status":"open","sticky":false,"template":"","format":"standard","meta":{"footnotes":""},"categories":[6],"tags":[],"_links":{"self":[{"href":"https:\/\/diariodigitalmx.com\/index.php\/wp-json\/wp\/v2\/posts\/134445"}],"collection":[{"href":"https:\/\/diariodigitalmx.com\/index.php\/wp-json\/wp\/v2\/posts"}],"about":[{"href":"https:\/\/diariodigitalmx.com\/index.php\/wp-json\/wp\/v2\/types\/post"}],"author":[{"embeddable":true,"href":"https:\/\/diariodigitalmx.com\/index.php\/wp-json\/wp\/v2\/users\/1"}],"replies":[{"embeddable":true,"href":"https:\/\/diariodigitalmx.com\/index.php\/wp-json\/wp\/v2\/comments?post=134445"}],"version-history":[{"count":2,"href":"https:\/\/diariodigitalmx.com\/index.php\/wp-json\/wp\/v2\/posts\/134445\/revisions"}],"predecessor-version":[{"id":134465,"href":"https:\/\/diariodigitalmx.com\/index.php\/wp-json\/wp\/v2\/posts\/134445\/revisions\/134465"}],"wp:featuredmedia":[{"embeddable":true,"href":"https:\/\/diariodigitalmx.com\/index.php\/wp-json\/wp\/v2\/media\/134460"}],"wp:attachment":[{"href":"https:\/\/diariodigitalmx.com\/index.php\/wp-json\/wp\/v2\/media?parent=134445"}],"wp:term":[{"taxonomy":"category","embeddable":true,"href":"https:\/\/diariodigitalmx.com\/index.php\/wp-json\/wp\/v2\/categories?post=134445"},{"taxonomy":"post_tag","embeddable":true,"href":"https:\/\/diariodigitalmx.com\/index.php\/wp-json\/wp\/v2\/tags?post=134445"}],"curies":[{"name":"wp","href":"https:\/\/api.w.org\/{rel}","templated":true}]}}