{"id":134476,"date":"2025-05-01T19:22:00","date_gmt":"2025-05-02T01:22:00","guid":{"rendered":"https:\/\/diariodigitalmx.com\/?p=134476"},"modified":"2025-05-01T19:23:02","modified_gmt":"2025-05-02T01:23:02","slug":"propone-rocio-montalvo-proteger-de-vecinos-ruidosos-a-personas-con-espectro-autista","status":"publish","type":"post","link":"https:\/\/diariodigitalmx.com\/index.php\/2025\/05\/01\/propone-rocio-montalvo-proteger-de-vecinos-ruidosos-a-personas-con-espectro-autista\/","title":{"rendered":"Propone Roc\u00edo Montalvo proteger de vecinos ruidosos a personas con espectro autista"},"content":{"rendered":"\n<p>La diputada de Movimiento Ciudadano, Roc\u00edo Maybe Montalvo Adame, present\u00f3 ante el Congreso de Nuevo Le\u00f3n una iniciativa para reformar la Ley Ambiental del Estado, para garantizar entornos libres de ruido excesivo para las personas con hipersensibilidad auditiva debido a la condici\u00f3n del espectro autista.<\/p>\n\n\n\n<p>La propuesta busca que los municipios establezcan protocolos espec\u00edficos para atender la contaminaci\u00f3n ac\u00fastica que afecta especialmente a personas con autismo, luego de documentarse que m\u00e1s del 70% de ellas padecen hipersensibilidad auditiva que puede generar crisis sensoriales, ansiedad y dolor f\u00edsico ante ruidos fuertes.<\/p>\n\n\n\n<p>&#8220;En Nuevo Le\u00f3n, miles de familias viven con el problema del ruido excesivo ocasionado por lo que com\u00fanmente se llama \u2018vecinos ruidosos\u2019, que son quienes de forma reiterada ponen m\u00fasica a volumen excesivo durante el d\u00eda o la madrugada. Para las personas con autismo esto no es una simple molestia, ellas experimentan los sonidos cotidianos de manera amplificada y hasta dolorosa, lo que puede desencadenarles crisis de ansiedad, estr\u00e9s postraum\u00e1tico e incluso episodios de bloqueo sensorial. El ruido excesivo para ellos es una forma de violencia sensorial que vulnera sus derechos humanos&#8221;, declar\u00f3 Montalvo Adame.<\/p>\n\n\n\n<p>La iniciativa se sustenta con datos de la Organizaci\u00f3n Mundial de la Salud que revelan que el ruido en zonas urbanas de Monterrey frecuentemente supera los 55 decibeles recomendados, afectando especialmente a personas con condiciones sensoriales. Adem\u00e1s, organizaciones como Autism Speaks M\u00e9xico han documentado c\u00f3mo la exposici\u00f3n constante a ruidos fuertes puede desencadenar crisis nerviosas en personas con autismo.<\/p>\n\n\n\n<p>&#8220;Actualmente las leyes no contemplan medidas espec\u00edficas para proteger a este sector vulnerable. La densificaci\u00f3n de las colonias, los edificios de departamentos y zonas comerciales mezcladas con \u00e1reas residenciales, nos ha generado un entorno donde los niveles de ruido superan con frecuencia los l\u00edmites recomendados por la OMS. Mientras en pa\u00edses como Espa\u00f1a existen normativas estrictas contra la contaminaci\u00f3n ac\u00fastica, y buscan su protecci\u00f3n, en Nuevo Le\u00f3n seguimos permitiendo que el ruido afecte la salud y desarrollo de nuestros ni\u00f1os y adultos con autismo por falta de un protocolo espec\u00edfico&#8221;, enfatiz\u00f3 la legisladora.<\/p>\n\n\n\n<p>El proyecto establece tres cambios fundamentales:<\/p>\n\n\n\n<p>\u00b7 Cambia el l\u00edmite de ruido en horario nocturno, de 50 a 45 decibeles como lo recomienda la OMS&nbsp;<\/p>\n\n\n\n<p>\u00b7 Que los municipios den prioridad a atender denuncias por ruido que afecten a personas con autismo.<\/p>\n\n\n\n<p>\u00b7 Establece arresto administrativo de 36 horas en caso de no cesen el ruido, luego de 30 minutos de haber sido contactado por la autoridad.<\/p>\n\n\n\n<p>\u00b7 Capacitaci\u00f3n para polic\u00edas municipales en neurodiversidad e hipersensibilidad sensorial.<\/p>\n\n\n\n<p>&#8220;Un ni\u00f1o con autismo merece crecer en un entorno que no atente contra su desarrollo, y las familias tienen derecho a la tranquilidad en sus hogares. Las y los diputados, as\u00ed como las autoridades municipales, debemos asumir nuestra responsabilidad para garantizar estos derechos b\u00e1sicos&#8221;, subray\u00f3 Montalvo.<\/p>\n\n\n\n<p>La diputada aclar\u00f3 que la iniciativa no busca criminalizar las expresiones culturales como la m\u00fasica, sino proteger la salud de los m\u00e1s vulnerables: &#8220;En diversas legislaciones se establecen estos lineamientos. Queremos replicar esas buenas pr\u00e1cticas, porque cuando protegemos a los m\u00e1s sensibles, mejoramos la calidad de vida de toda la comunidad&#8221;.<\/p>\n\n\n\n<p>Finalmente, record\u00f3 que m\u00e1s de 1% de la poblaci\u00f3n en Nuevo Le\u00f3n est\u00e1 dentro del espectro autista: &#8220;Las personas con autismo no pueden seguir siendo invisibles para nuestras leyes. Esta reforma es el primer paso para construir una sociedad verdaderamente incluyente&#8221;.<\/p>\n\n\n\n<p>De aprobarse la reforma, Nuevo Le\u00f3n ser\u00eda pionero en Am\u00e9rica Latina en legislar sobre protecci\u00f3n sensorial para personas con autismo.<\/p>\n","protected":false},"excerpt":{"rendered":"<p>La diputada de Movimiento Ciudadano, Roc\u00edo Maybe Montalvo Adame, present\u00f3 ante el Congreso de Nuevo Le\u00f3n una iniciativa para reformar la Ley Ambiental del Estado, para garantizar entornos libres de ruido excesivo para las personas con hipersensibilidad auditiva debido a la condici\u00f3n del espectro autista. La propuesta busca que los municipios establezcan protocolos espec\u00edficos para [&hellip;]<\/p>\n","protected":false},"author":1,"featured_media":134478,"comment_status":"open","ping_status":"open","sticky":false,"template":"","format":"standard","meta":{"footnotes":""},"categories":[6],"tags":[],"_links":{"self":[{"href":"https:\/\/diariodigitalmx.com\/index.php\/wp-json\/wp\/v2\/posts\/134476"}],"collection":[{"href":"https:\/\/diariodigitalmx.com\/index.php\/wp-json\/wp\/v2\/posts"}],"about":[{"href":"https:\/\/diariodigitalmx.com\/index.php\/wp-json\/wp\/v2\/types\/post"}],"author":[{"embeddable":true,"href":"https:\/\/diariodigitalmx.com\/index.php\/wp-json\/wp\/v2\/users\/1"}],"replies":[{"embeddable":true,"href":"https:\/\/diariodigitalmx.com\/index.php\/wp-json\/wp\/v2\/comments?post=134476"}],"version-history":[{"count":1,"href":"https:\/\/diariodigitalmx.com\/index.php\/wp-json\/wp\/v2\/posts\/134476\/revisions"}],"predecessor-version":[{"id":134477,"href":"https:\/\/diariodigitalmx.com\/index.php\/wp-json\/wp\/v2\/posts\/134476\/revisions\/134477"}],"wp:featuredmedia":[{"embeddable":true,"href":"https:\/\/diariodigitalmx.com\/index.php\/wp-json\/wp\/v2\/media\/134478"}],"wp:attachment":[{"href":"https:\/\/diariodigitalmx.com\/index.php\/wp-json\/wp\/v2\/media?parent=134476"}],"wp:term":[{"taxonomy":"category","embeddable":true,"href":"https:\/\/diariodigitalmx.com\/index.php\/wp-json\/wp\/v2\/categories?post=134476"},{"taxonomy":"post_tag","embeddable":true,"href":"https:\/\/diariodigitalmx.com\/index.php\/wp-json\/wp\/v2\/tags?post=134476"}],"curies":[{"name":"wp","href":"https:\/\/api.w.org\/{rel}","templated":true}]}}