{"id":134632,"date":"2025-05-06T23:00:28","date_gmt":"2025-05-07T05:00:28","guid":{"rendered":"https:\/\/diariodigitalmx.com\/?p=134632"},"modified":"2025-05-06T23:22:22","modified_gmt":"2025-05-07T05:22:22","slug":"modifica-monterrey-el-reglamento-de-la-administracion-municipal","status":"publish","type":"post","link":"https:\/\/diariodigitalmx.com\/index.php\/2025\/05\/06\/modifica-monterrey-el-reglamento-de-la-administracion-municipal\/","title":{"rendered":"Modifica Monterrey el Reglamento de la Administraci\u00f3n Municipal"},"content":{"rendered":"\n<p><\/p>\n\n\n\n<p>\u00b7\u00a0\u00a0\u00a0\u00a0\u00a0\u00a0\u00a0\u00a0\u00a0<em>Crea nueva Secretar\u00eda donde convergen las direcciones de Atenci\u00f3n Ciudadana, Concertaci\u00f3n Social y Participaci\u00f3n Ciudadana para promover que los regiomontanos se involucren con el gobierno<\/em><\/p>\n\n\n\n<p>Durante la primera Sesi\u00f3n Ordinaria de Cabildo de este mes, el Ayuntamiento en pleno aprob\u00f3&nbsp;la abrogaci\u00f3n y expedici\u00f3n de los Reglamentos de la Administraci\u00f3n P\u00fablica Municipal y el del Implanc.<\/p>\n\n\n\n<p>En el primero se divide la Tesorer\u00eda para crear la Secretar\u00eda de Administraci\u00f3n y tambi\u00e9n se conforma la Secretar\u00eda de Participaci\u00f3n Ciudadana.<\/p>\n\n\n\n<p>Sobre el Instituto de Planeaci\u00f3n Urbana y Convivencia (Implanc) destaca la modificaci\u00f3n en sus reglamentos para que tambi\u00e9n le d\u00e9 seguimiento al Plan Municipal de Desarrollo.<\/p>\n\n\n\n<p>\u201cYo creo que el d\u00eda de hoy es un d\u00eda hist\u00f3rico para la ciudad, porque con la modificaci\u00f3n al reglamento de la Administraci\u00f3n P\u00fablica Municipal se crean \u00e1reas que van a cambiar la forma en la que se hace gobierno en el municipio\u201d, explic\u00f3 el secretario del Ayuntamiento, C\u00e9sar Garza.<\/p>\n\n\n\n<p>\u201cDestacar\u00eda la creaci\u00f3n de la Secretar\u00eda de Participaci\u00f3n Ciudadana, que va a integrar lo que anteriormente estaba disperso por todo el organigrama: Atenci\u00f3n Ciudadana, Concertaci\u00f3n Social y Participaci\u00f3n Ciudadana para que la forma en la que el gobierno de la ciudad se comunica y organiza con los ciudadanos, se d\u00e9 de manera estrat\u00e9gica y organizada\u201d.<\/p>\n\n\n\n<p>Tambi\u00e9n mencion\u00f3 que ahora la Secretar\u00eda de Administraci\u00f3n asumir\u00e1 todas las tareas propias a su naturaleza y la Tesorer\u00eda dejar\u00e1 de tener funciones administrativas.<\/p>\n\n\n\n<figure class=\"wp-block-image size-large\"><img loading=\"lazy\" decoding=\"async\" width=\"1024\" height=\"684\" src=\"https:\/\/diariodigitalmx.com\/wp-content\/uploads\/2025\/05\/PRIMERA-MAYO-2-1024x684.jpg\" alt=\"\" class=\"wp-image-134648\" srcset=\"https:\/\/diariodigitalmx.com\/wp-content\/uploads\/2025\/05\/PRIMERA-MAYO-2-1024x684.jpg 1024w, https:\/\/diariodigitalmx.com\/wp-content\/uploads\/2025\/05\/PRIMERA-MAYO-2-300x200.jpg 300w, https:\/\/diariodigitalmx.com\/wp-content\/uploads\/2025\/05\/PRIMERA-MAYO-2-768x513.jpg 768w, https:\/\/diariodigitalmx.com\/wp-content\/uploads\/2025\/05\/PRIMERA-MAYO-2-1536x1025.jpg 1536w, https:\/\/diariodigitalmx.com\/wp-content\/uploads\/2025\/05\/PRIMERA-MAYO-2.jpg 1600w\" sizes=\"(max-width: 1024px) 100vw, 1024px\" \/><\/figure>\n\n\n\n<p>En otra parte de la Sesi\u00f3n aprobaron ampliar el periodo de consulta ciudadana para modificar tres reglamentos municipales.<\/p>\n\n\n\n<p>Tal como lo anunci\u00f3 el alcalde Adri\u00e1n de la Garza, esta extensi\u00f3n se realiza para permitir que la mayor\u00eda de la comunidad participe con opiniones o propuestas en las reformas de las leyes locales de Protecci\u00f3n Ambiental e Imagen Urbana; de Zonificaci\u00f3n y Uso de Suelo y de Construcciones de Monterrey.<\/p>\n\n\n\n<p>La consulta estar\u00e1 vigente 30 d\u00edas naturales m\u00e1s a partir de la publicaci\u00f3n del acuerdo de este martes.<\/p>\n\n\n\n<p>Por otra parte, se autoriz\u00f3 suscribir un convenio de colaboraci\u00f3n con el Instituto Nacional para la Educaci\u00f3n de los Adultos (INEA) a fin de realizar accionespara combatir el rezago educativo de la poblaci\u00f3n de m\u00e1s de 15 a\u00f1os, joven y adulta que no ha sido alfabetizada.<\/p>\n\n\n\n<p>Va dirigida a las personas que no han concluido sus estudios de nivel b\u00e1sico.<\/p>\n\n\n\n<p>El regidor Mario Alberto Rodr\u00edguez Platas agradeci\u00f3 al alcalde la instauraci\u00f3n en 2016 de la \u201cCarrera para todos\u201d, un evento deportivo para visibilizar a la comunidad LGTBQ+ y tambi\u00e9n comenz\u00f3 a iluminar el Palacio municipal de morado a favor de este sector.<\/p>\n\n\n\n<p>Debido a estas acciones el integrante del Cabildo le entreg\u00f3 un reconocimiento f\u00edsico al edil, que otorga la comunidad s\u00f3lo a las personas que act\u00faan a favor de sus integrantes.&nbsp;<strong><\/strong><\/p>\n","protected":false},"excerpt":{"rendered":"<p>\u00b7\u00a0\u00a0\u00a0\u00a0\u00a0\u00a0\u00a0\u00a0\u00a0Crea nueva Secretar\u00eda donde convergen las direcciones de Atenci\u00f3n Ciudadana, Concertaci\u00f3n Social y Participaci\u00f3n Ciudadana para promover que los regiomontanos se involucren con el gobierno Durante la primera Sesi\u00f3n Ordinaria de Cabildo de este mes, el Ayuntamiento en pleno aprob\u00f3&nbsp;la abrogaci\u00f3n y expedici\u00f3n de los Reglamentos de la Administraci\u00f3n P\u00fablica Municipal y el del Implanc. [&hellip;]<\/p>\n","protected":false},"author":1,"featured_media":134646,"comment_status":"open","ping_status":"open","sticky":false,"template":"","format":"standard","meta":{"footnotes":""},"categories":[6],"tags":[],"_links":{"self":[{"href":"https:\/\/diariodigitalmx.com\/index.php\/wp-json\/wp\/v2\/posts\/134632"}],"collection":[{"href":"https:\/\/diariodigitalmx.com\/index.php\/wp-json\/wp\/v2\/posts"}],"about":[{"href":"https:\/\/diariodigitalmx.com\/index.php\/wp-json\/wp\/v2\/types\/post"}],"author":[{"embeddable":true,"href":"https:\/\/diariodigitalmx.com\/index.php\/wp-json\/wp\/v2\/users\/1"}],"replies":[{"embeddable":true,"href":"https:\/\/diariodigitalmx.com\/index.php\/wp-json\/wp\/v2\/comments?post=134632"}],"version-history":[{"count":2,"href":"https:\/\/diariodigitalmx.com\/index.php\/wp-json\/wp\/v2\/posts\/134632\/revisions"}],"predecessor-version":[{"id":134649,"href":"https:\/\/diariodigitalmx.com\/index.php\/wp-json\/wp\/v2\/posts\/134632\/revisions\/134649"}],"wp:featuredmedia":[{"embeddable":true,"href":"https:\/\/diariodigitalmx.com\/index.php\/wp-json\/wp\/v2\/media\/134646"}],"wp:attachment":[{"href":"https:\/\/diariodigitalmx.com\/index.php\/wp-json\/wp\/v2\/media?parent=134632"}],"wp:term":[{"taxonomy":"category","embeddable":true,"href":"https:\/\/diariodigitalmx.com\/index.php\/wp-json\/wp\/v2\/categories?post=134632"},{"taxonomy":"post_tag","embeddable":true,"href":"https:\/\/diariodigitalmx.com\/index.php\/wp-json\/wp\/v2\/tags?post=134632"}],"curies":[{"name":"wp","href":"https:\/\/api.w.org\/{rel}","templated":true}]}}