{"id":134654,"date":"2025-05-06T23:37:41","date_gmt":"2025-05-07T05:37:41","guid":{"rendered":"https:\/\/diariodigitalmx.com\/?p=134654"},"modified":"2025-05-06T23:47:23","modified_gmt":"2025-05-07T05:47:23","slug":"ovidio-guzman-se-declarara-culpable-en-eu","status":"publish","type":"post","link":"https:\/\/diariodigitalmx.com\/index.php\/2025\/05\/06\/ovidio-guzman-se-declarara-culpable-en-eu\/","title":{"rendered":"Ovidio Guzm\u00e1n, se declarar\u00e1 culpable en EU"},"content":{"rendered":"\n<p><strong>Ovidio Guzm\u00e1n L\u00f3pez, alias &#8220;El Rat\u00f3n&#8221;<\/strong>, hijo del narcotraficante mexicano&nbsp;<strong>&#8220;El Chapo&#8221;&nbsp;Guzm\u00e1n<\/strong>, e integrante de la facci\u00f3n del&nbsp;<strong>C\u00e1rtel de Sinaloa&nbsp;&#8220;Los Chapitos&#8221;<\/strong>,&nbsp;se declarar\u00e1 culpable de los cargos federales que enfrenta en EU, relacionados al tr\u00e1fico de drogas, seg\u00fan revela un&nbsp;nuevo expediente judicial.&nbsp;<\/p>\n\n\n\n<p>El expediente que se ha filtrado se\u00f1ala que&nbsp;<strong>Ovidio Guzm\u00e1n<\/strong>&nbsp;acudir\u00e1 a audiencia para declararse culpable el pr\u00f3ximo&nbsp;9 de julio, ante un tribunal federal en&nbsp;Chicago. Ante ello, el tribunal solicit\u00f3&nbsp;una copia del acuerdo de culpabilidad, lo que indica que se ha llegado a un acuerdo en el caso.<\/p>\n\n\n\n<p><strong>Guzm\u00e1n<\/strong>&nbsp;L\u00f3pez, conocido como<strong>&nbsp;&#8220;El Rat\u00f3n&#8221;<\/strong>&nbsp;e hijo de&nbsp;<strong>Joaqu\u00edn &#8220;El Chapo&#8221; Guzm\u00e1n<\/strong>, fue detenido el 5 de enero de 2023 en Jes\u00fas Mar\u00eda,&nbsp;<strong>Culiac\u00e1n<\/strong>, Sinaloa, durante un operativo de las fuerzas federales mexicanas. Su captura provoc\u00f3 una serie de disturbios en la regi\u00f3n, incluyendo bloqueos, incendios y enfrentamientos armados. Tras su detenci\u00f3n, fue trasladado al penal de m\u00e1xima seguridad del Altiplano en el Estado de M\u00e9xico.<\/p>\n\n\n\n<p>El 15 de septiembre de 2023, fue extraditado a Estados Unidos para enfrentar cargos relacionados con el narcotr\u00e1fico .<\/p>\n\n\n\n<p>Las negociaciones entre&nbsp;<strong>Joaqu\u00edn Guzm\u00e1n L\u00f3pez<\/strong>&nbsp;y&nbsp;<strong>Ovidio Guzm\u00e1n \u201cEl Rat\u00f3n\u201d<\/strong>,&nbsp;l\u00edderes de&nbsp;<strong>&#8220;Los Chapitos<\/strong>, y las autoridades estadounidenses para un posible acuerdo de culpabilidad por delitos relacionados al tr\u00e1fico de drogas, se estar\u00edan realizando desde finales del a\u00f1o pasado, seg\u00fan se report\u00f3 en diversos medios.<\/p>\n","protected":false},"excerpt":{"rendered":"<p>Ovidio Guzm\u00e1n L\u00f3pez, alias &#8220;El Rat\u00f3n&#8221;, hijo del narcotraficante mexicano&nbsp;&#8220;El Chapo&#8221;&nbsp;Guzm\u00e1n, e integrante de la facci\u00f3n del&nbsp;C\u00e1rtel de Sinaloa&nbsp;&#8220;Los Chapitos&#8221;,&nbsp;se declarar\u00e1 culpable de los cargos federales que enfrenta en EU, relacionados al tr\u00e1fico de drogas, seg\u00fan revela un&nbsp;nuevo expediente judicial.&nbsp; El expediente que se ha filtrado se\u00f1ala que&nbsp;Ovidio Guzm\u00e1n&nbsp;acudir\u00e1 a audiencia para declararse culpable el [&hellip;]<\/p>\n","protected":false},"author":1,"featured_media":134659,"comment_status":"open","ping_status":"open","sticky":false,"template":"","format":"standard","meta":{"footnotes":""},"categories":[4,3,5],"tags":[],"_links":{"self":[{"href":"https:\/\/diariodigitalmx.com\/index.php\/wp-json\/wp\/v2\/posts\/134654"}],"collection":[{"href":"https:\/\/diariodigitalmx.com\/index.php\/wp-json\/wp\/v2\/posts"}],"about":[{"href":"https:\/\/diariodigitalmx.com\/index.php\/wp-json\/wp\/v2\/types\/post"}],"author":[{"embeddable":true,"href":"https:\/\/diariodigitalmx.com\/index.php\/wp-json\/wp\/v2\/users\/1"}],"replies":[{"embeddable":true,"href":"https:\/\/diariodigitalmx.com\/index.php\/wp-json\/wp\/v2\/comments?post=134654"}],"version-history":[{"count":1,"href":"https:\/\/diariodigitalmx.com\/index.php\/wp-json\/wp\/v2\/posts\/134654\/revisions"}],"predecessor-version":[{"id":134655,"href":"https:\/\/diariodigitalmx.com\/index.php\/wp-json\/wp\/v2\/posts\/134654\/revisions\/134655"}],"wp:featuredmedia":[{"embeddable":true,"href":"https:\/\/diariodigitalmx.com\/index.php\/wp-json\/wp\/v2\/media\/134659"}],"wp:attachment":[{"href":"https:\/\/diariodigitalmx.com\/index.php\/wp-json\/wp\/v2\/media?parent=134654"}],"wp:term":[{"taxonomy":"category","embeddable":true,"href":"https:\/\/diariodigitalmx.com\/index.php\/wp-json\/wp\/v2\/categories?post=134654"},{"taxonomy":"post_tag","embeddable":true,"href":"https:\/\/diariodigitalmx.com\/index.php\/wp-json\/wp\/v2\/tags?post=134654"}],"curies":[{"name":"wp","href":"https:\/\/api.w.org\/{rel}","templated":true}]}}