{"id":134708,"date":"2025-05-07T17:55:31","date_gmt":"2025-05-07T23:55:31","guid":{"rendered":"https:\/\/diariodigitalmx.com\/?p=134708"},"modified":"2025-05-07T18:07:09","modified_gmt":"2025-05-08T00:07:09","slug":"aun-no-hubo-humo-negro-en-el-vaticano","status":"publish","type":"post","link":"https:\/\/diariodigitalmx.com\/index.php\/2025\/05\/07\/aun-no-hubo-humo-negro-en-el-vaticano\/","title":{"rendered":"A\u00fan no; hubo humo negro en El vaticano"},"content":{"rendered":"\n<p>En la primera votaci\u00f3n de los Cardenales este mi\u00e9rcoles en el&nbsp;<strong>C\u00f3nclave<\/strong>, la chimenea de la Capilla Sixtina emiti\u00f3&nbsp;<strong>humo negro.<\/strong><\/p>\n\n\n\n<p>No hubo consenso en m\u00e1s de tres horas de C\u00f3nclave en esta primera votaci\u00f3n permitida, aunque despu\u00e9s, podr\u00e1n votar hasta cuatro veces al d\u00eda.<\/p>\n\n\n\n<p>La siguiente votaci\u00f3n ser\u00e1 el jueves, por la ma\u00f1ana y en caso de arrojar humo negro de nuevo, los cardenales repetir\u00e1n el proceso y, tendr\u00e1n dos oportunidades m\u00e1s para elegir al Papa durante la tarde del jueves.<\/p>\n\n\n\n<p>Son 133 cardenales electores, todos menores de 80 a\u00f1os, los que, pasar\u00e1n la noche aislados en una de las dos casas de hu\u00e9spedes del Vaticano, donde podr\u00e1n continuar sus deliberaciones en un ambiente m\u00e1s informal antes de regresar a la capilla el jueves por la ma\u00f1ana, de acuerdo al protocolo.<\/p>\n\n\n\n<p>La \u00fanica se\u00f1al es el humo negro que indica que no se ha elegido todav\u00eda, y si es blanco, que ya hubo nombramiento.<\/p>\n\n\n\n<p>Mientras tanto, miles de fieles se congregaron en la&nbsp;<strong>Plaza de San Pedro<\/strong>&nbsp;a la espera de que saliera humo del estrecho conducto situado en el tejado de la capilla.<\/p>\n","protected":false},"excerpt":{"rendered":"<p>En la primera votaci\u00f3n de los Cardenales este mi\u00e9rcoles en el&nbsp;C\u00f3nclave, la chimenea de la Capilla Sixtina emiti\u00f3&nbsp;humo negro. No hubo consenso en m\u00e1s de tres horas de C\u00f3nclave en esta primera votaci\u00f3n permitida, aunque despu\u00e9s, podr\u00e1n votar hasta cuatro veces al d\u00eda. La siguiente votaci\u00f3n ser\u00e1 el jueves, por la ma\u00f1ana y en caso [&hellip;]<\/p>\n","protected":false},"author":1,"featured_media":134723,"comment_status":"open","ping_status":"open","sticky":false,"template":"","format":"standard","meta":{"footnotes":""},"categories":[4,3,5],"tags":[],"_links":{"self":[{"href":"https:\/\/diariodigitalmx.com\/index.php\/wp-json\/wp\/v2\/posts\/134708"}],"collection":[{"href":"https:\/\/diariodigitalmx.com\/index.php\/wp-json\/wp\/v2\/posts"}],"about":[{"href":"https:\/\/diariodigitalmx.com\/index.php\/wp-json\/wp\/v2\/types\/post"}],"author":[{"embeddable":true,"href":"https:\/\/diariodigitalmx.com\/index.php\/wp-json\/wp\/v2\/users\/1"}],"replies":[{"embeddable":true,"href":"https:\/\/diariodigitalmx.com\/index.php\/wp-json\/wp\/v2\/comments?post=134708"}],"version-history":[{"count":1,"href":"https:\/\/diariodigitalmx.com\/index.php\/wp-json\/wp\/v2\/posts\/134708\/revisions"}],"predecessor-version":[{"id":134709,"href":"https:\/\/diariodigitalmx.com\/index.php\/wp-json\/wp\/v2\/posts\/134708\/revisions\/134709"}],"wp:featuredmedia":[{"embeddable":true,"href":"https:\/\/diariodigitalmx.com\/index.php\/wp-json\/wp\/v2\/media\/134723"}],"wp:attachment":[{"href":"https:\/\/diariodigitalmx.com\/index.php\/wp-json\/wp\/v2\/media?parent=134708"}],"wp:term":[{"taxonomy":"category","embeddable":true,"href":"https:\/\/diariodigitalmx.com\/index.php\/wp-json\/wp\/v2\/categories?post=134708"},{"taxonomy":"post_tag","embeddable":true,"href":"https:\/\/diariodigitalmx.com\/index.php\/wp-json\/wp\/v2\/tags?post=134708"}],"curies":[{"name":"wp","href":"https:\/\/api.w.org\/{rel}","templated":true}]}}