{"id":134738,"date":"2025-05-08T11:10:15","date_gmt":"2025-05-08T17:10:15","guid":{"rendered":"https:\/\/diariodigitalmx.com\/?p=134738"},"modified":"2025-05-08T11:16:31","modified_gmt":"2025-05-08T17:16:31","slug":"habemus-papa","status":"publish","type":"post","link":"https:\/\/diariodigitalmx.com\/index.php\/2025\/05\/08\/habemus-papa\/","title":{"rendered":"\u00a1Habemus Papam!"},"content":{"rendered":"\n<p>Habemus Papam,\u00a0 luego de que sali\u00f3\u00a0 el humo blanco \u00a0y miles \u00a0de personas en la Plaza de San Pedro celebraron con gritos y aplausos al nuevo Obispo de Roma.<br>El nombre se anunciar\u00e1 m\u00e1s tarde, cuando\u00a0el Cardenal protodi\u00e1cono, el franc\u00e9s\u00a0<strong>Dominique Mamberti<\/strong>, pronuncie las palabras &#8220;\u00a1Habemus papam!&#8221;, que en lat\u00edn significa &#8220;\u00a1Tenemos papa!&#8221;, desde la logia de la Bas\u00edlica de San Pedro.<br>El cardenal leer\u00e1 el nombre de nacimiento del elegido en lat\u00edn y revelar\u00e1 el nombre que ha escogido para su papado. Entonces, el nuevo Papa har\u00e1 su primera aparici\u00f3n p\u00fablica y dar\u00e1 una bendici\u00f3n desde la misma logia.<br>Las campanas de la\u00a0<strong>Bas\u00edlica de San Pedro<\/strong>\u00a0repicaron tras la emisi\u00f3n de la fumata este jueves despu\u00e9s de que el humo blanco sali\u00f3 de la chimenea de la Capilla Sixtina, se\u00f1al de que los 133\u00a0<strong><a href=\"https:\/\/lasillarota.com\/mundo\/2025\/4\/22\/los-12-papables-que-podrian-ser-el-sucesor-de-francisco-524411.html\" target=\"_blank\" rel=\"noreferrer noopener\">cardenales<\/a>\u00a0<\/strong>consiguieron elegir a un\u00a0<strong>nuevo<\/strong><a href=\"https:\/\/lasillarota.com\/mundo\/2025\/5\/4\/se-adelantara-el-fin-del-mundo-tras-la-llegada-de-un-nuevo-papa-al-vaticano-534400.html\" target=\"_blank\" rel=\"noreferrer noopener\"><strong>\u00a0papa<\/strong>\u00a0<\/a>despu\u00e9s de 4 votaciones celebradas tras el inicio del c\u00f3nclave.<\/p>\n\n\n\n<p>M\u00e1s de 40,000 personas, una cifra que est\u00e1 destinada a subir, esperan en la plaza de San Pedro el momento en el que el&nbsp;<strong>protodiacono Dominique Mamberti&nbsp;<\/strong>anuncie el &#8220;<strong>Habemus Papam<\/strong>&#8221;&nbsp;desde el balc\u00f3n de la logia central de la fachada de la bas\u00edlica vaticana y el nuevo pont\u00edfice salga y se conozca su nombre.<br><br><br><\/p>\n","protected":false},"excerpt":{"rendered":"<p>Habemus Papam,\u00a0 luego de que sali\u00f3\u00a0 el humo blanco \u00a0y miles \u00a0de personas en la Plaza de San Pedro celebraron con gritos y aplausos al nuevo Obispo de Roma.El nombre se anunciar\u00e1 m\u00e1s tarde, cuando\u00a0el Cardenal protodi\u00e1cono, el franc\u00e9s\u00a0Dominique Mamberti, pronuncie las palabras &#8220;\u00a1Habemus papam!&#8221;, que en lat\u00edn significa &#8220;\u00a1Tenemos papa!&#8221;, desde la logia de [&hellip;]<\/p>\n","protected":false},"author":1,"featured_media":134740,"comment_status":"open","ping_status":"open","sticky":false,"template":"","format":"standard","meta":{"footnotes":""},"categories":[4,3,5],"tags":[],"_links":{"self":[{"href":"https:\/\/diariodigitalmx.com\/index.php\/wp-json\/wp\/v2\/posts\/134738"}],"collection":[{"href":"https:\/\/diariodigitalmx.com\/index.php\/wp-json\/wp\/v2\/posts"}],"about":[{"href":"https:\/\/diariodigitalmx.com\/index.php\/wp-json\/wp\/v2\/types\/post"}],"author":[{"embeddable":true,"href":"https:\/\/diariodigitalmx.com\/index.php\/wp-json\/wp\/v2\/users\/1"}],"replies":[{"embeddable":true,"href":"https:\/\/diariodigitalmx.com\/index.php\/wp-json\/wp\/v2\/comments?post=134738"}],"version-history":[{"count":5,"href":"https:\/\/diariodigitalmx.com\/index.php\/wp-json\/wp\/v2\/posts\/134738\/revisions"}],"predecessor-version":[{"id":134744,"href":"https:\/\/diariodigitalmx.com\/index.php\/wp-json\/wp\/v2\/posts\/134738\/revisions\/134744"}],"wp:featuredmedia":[{"embeddable":true,"href":"https:\/\/diariodigitalmx.com\/index.php\/wp-json\/wp\/v2\/media\/134740"}],"wp:attachment":[{"href":"https:\/\/diariodigitalmx.com\/index.php\/wp-json\/wp\/v2\/media?parent=134738"}],"wp:term":[{"taxonomy":"category","embeddable":true,"href":"https:\/\/diariodigitalmx.com\/index.php\/wp-json\/wp\/v2\/categories?post=134738"},{"taxonomy":"post_tag","embeddable":true,"href":"https:\/\/diariodigitalmx.com\/index.php\/wp-json\/wp\/v2\/tags?post=134738"}],"curies":[{"name":"wp","href":"https:\/\/api.w.org\/{rel}","templated":true}]}}