{"id":13508,"date":"2019-10-08T04:40:52","date_gmt":"2019-10-08T09:40:52","guid":{"rendered":"http:\/\/diariodigitalmx.com\/?p=13508"},"modified":"2019-10-08T04:41:34","modified_gmt":"2019-10-08T09:41:34","slug":"por-cierto-136","status":"publish","type":"post","link":"https:\/\/diariodigitalmx.com\/index.php\/2019\/10\/08\/por-cierto-136\/","title":{"rendered":"Por cierto&#8230;"},"content":{"rendered":"\n<p>\u00d3scar Tamez Rodr\u00edguez<\/p>\n\n\n\n<p>Claudia Sheinbaum se ha vuelto el tend\u00f3n de Aquiles del pejesidente. Vaya, ha salido a poner el pecho por ella en m\u00e1s de 6 ocasiones. La m\u00e1s reciente el famoso cerco de la Paz que termin\u00f3 en fracaso y donde un ciento de otrora amloistas y hoy anarquistas destrozan y convulsionan. As\u00ed de fr\u00e1gil est\u00e1 la cuidad que aglutina 20 millones de habitantes por la incompetencia de su primer gobernadora electa. Tal es el caso que en las encuestas la CdMx es una debilidad pol\u00edtica rumbo al 2021. As\u00ed lo percib\u00ed hace semanas y lo confirm\u00e9 con los datos de encuestas. \u00bfQu\u00e9 le debe a Claudia que arriesga su capital pol\u00edtico por ella?, \u00bfAcaso la capital est\u00e1 peor de lo que creemos en lo electoral?&#8230; El caso Medina Mora tiene muchas inc\u00f3gnitas, siendo experto en espionaje, inteligencia policial y otras estrategias tipo 007. Resulta extra\u00f1o lo doblen tan r\u00e1pido. \u00bfSer\u00e1 qu\u00e9 hay proyectos nuevos?<br>Oscar Tamez Rdz.&nbsp;<a rel=\"noreferrer noopener\" href=\"http:\/\/www.estudiospoliticos.mx\/\" target=\"_blank\">www.estudiospoliticos.mx<\/a><a rel=\"noreferrer noopener\" href=\"http:\/\/facebook.com\/EstudiosPoliticos.mx\" target=\"_blank\">Facebook.com\/EstudiosPoliticos.mx<\/a>@EstudiosMx<\/p>\n","protected":false},"excerpt":{"rendered":"<p>\u00d3scar Tamez Rodr\u00edguez Claudia Sheinbaum se ha vuelto el tend\u00f3n de Aquiles del pejesidente. Vaya, ha salido a poner el pecho por ella en m\u00e1s de 6 ocasiones. La m\u00e1s reciente el famoso cerco de la Paz que termin\u00f3 en fracaso y donde un ciento de otrora amloistas y hoy anarquistas destrozan y convulsionan. As\u00ed [&hellip;]<\/p>\n","protected":false},"author":1,"featured_media":13511,"comment_status":"open","ping_status":"open","sticky":true,"template":"","format":"standard","meta":{"footnotes":""},"categories":[6],"tags":[],"_links":{"self":[{"href":"https:\/\/diariodigitalmx.com\/index.php\/wp-json\/wp\/v2\/posts\/13508"}],"collection":[{"href":"https:\/\/diariodigitalmx.com\/index.php\/wp-json\/wp\/v2\/posts"}],"about":[{"href":"https:\/\/diariodigitalmx.com\/index.php\/wp-json\/wp\/v2\/types\/post"}],"author":[{"embeddable":true,"href":"https:\/\/diariodigitalmx.com\/index.php\/wp-json\/wp\/v2\/users\/1"}],"replies":[{"embeddable":true,"href":"https:\/\/diariodigitalmx.com\/index.php\/wp-json\/wp\/v2\/comments?post=13508"}],"version-history":[{"count":2,"href":"https:\/\/diariodigitalmx.com\/index.php\/wp-json\/wp\/v2\/posts\/13508\/revisions"}],"predecessor-version":[{"id":13512,"href":"https:\/\/diariodigitalmx.com\/index.php\/wp-json\/wp\/v2\/posts\/13508\/revisions\/13512"}],"wp:featuredmedia":[{"embeddable":true,"href":"https:\/\/diariodigitalmx.com\/index.php\/wp-json\/wp\/v2\/media\/13511"}],"wp:attachment":[{"href":"https:\/\/diariodigitalmx.com\/index.php\/wp-json\/wp\/v2\/media?parent=13508"}],"wp:term":[{"taxonomy":"category","embeddable":true,"href":"https:\/\/diariodigitalmx.com\/index.php\/wp-json\/wp\/v2\/categories?post=13508"},{"taxonomy":"post_tag","embeddable":true,"href":"https:\/\/diariodigitalmx.com\/index.php\/wp-json\/wp\/v2\/tags?post=13508"}],"curies":[{"name":"wp","href":"https:\/\/api.w.org\/{rel}","templated":true}]}}