{"id":135119,"date":"2025-05-17T06:38:08","date_gmt":"2025-05-17T12:38:08","guid":{"rendered":"https:\/\/diariodigitalmx.com\/?p=135119"},"modified":"2025-05-17T06:39:27","modified_gmt":"2025-05-17T12:39:27","slug":"pide-perla-villarreal-espacios-dignos-en-reclusorios-para-visita-de-infantes","status":"publish","type":"post","link":"https:\/\/diariodigitalmx.com\/index.php\/2025\/05\/17\/pide-perla-villarreal-espacios-dignos-en-reclusorios-para-visita-de-infantes\/","title":{"rendered":"Pide Perla Villarreal espacios dignos en reclusorios para visita de infantes"},"content":{"rendered":"\n<p>La Coordinadora del Grupo Legislativo del PRD, Perla Villarreal Valdez, present\u00f3 iniciativa de reforma a la Ley de los Derechos de las Ni\u00f1as, Ni\u00f1os y Adolescentes para que a los menores se les reconozca el derecho de contar con un espacio digno&nbsp;cuando acudan a visitar a sus padres que se encuentren privados de su libertad en alg\u00fan centro de reclusi\u00f3n.<\/p>\n\n\n\n<p>La legisladora perredista destac\u00f3 que el 70% de mujeres y hombres que se encuentran recluidos en alg\u00fan Centro de Readaptaci\u00f3n Social reciben visitas por parte de sus hijos, por lo que, la presente iniciativa va acorde a lo establecido en la Convenci\u00f3n sobre los Derechos del Ni\u00f1o y la legislaci\u00f3n nacional que reconocen el principio del inter\u00e9s superior del menor, el cual establece que todas las decisiones y acciones relacionadas con la infancia deben garantizar su bienestar y desarrollo integral.<\/p>\n\n\n\n<p>\u201cPlante\u00f3 que el proceso de entrar al reclusorio tenga las condiciones dignas para los ni\u00f1os, que no sea tan traum\u00e1tico el proceso de revisi\u00f3n y que haya un espacio en donde pueda el ni\u00f1o pueda estar conviviendo con su pap\u00e1, con su mam\u00e1 una vez a la semana o al mes\u201d, manifest\u00f3.<\/p>\n\n\n\n<p>\u201cEs hacer un espacio para abrir la sensibilidad que se dedique un poco de presupuesto a los centros de reclusi\u00f3n para que cuando las ni\u00f1as, ni\u00f1os y adolescentes que acuden a visitar a sus familiares al reclusorio tengan una visita digna y no les afecte tanto en su salud mental\u201d, agreg\u00f3.<\/p>\n\n\n\n<p>La iniciativa que contempla la adici\u00f3n de un segundo p\u00e1rrafo a la fracci\u00f3n IV art\u00edculo 42 de&nbsp;la&nbsp;Ley de los Derechos de Ni\u00f1as, Ni\u00f1os y Adolescentes para el Estado de Nuevo Le\u00f3n, fue presentada en la Oficial\u00eda de Partes del Poder Legislativo.<\/p>\n\n\n\n<p>\u201cHay que garantizar que ninguna ni\u00f1a o ni\u00f1o se vea afectado por condiciones inadecuadas dentro de un centro de reclusi\u00f3n, por tanto, adem\u00e1s de resguardar la seguridad y el bienestar de los menores, esta iniciativa fortalece el compromiso de Nuevo Le\u00f3n con la protecci\u00f3n de los derechos humanos y la infancia\u201d, enfatiz\u00f3.<\/p>\n\n\n\n<p>\u201cYa que las visitas a estos espacios pueden representar una experiencia dif\u00edcil para la infancia, ya que se enfrentan a un entorno que, de no estar debidamente acondicionado, puede generar ansiedad, estr\u00e9s e incluso miedo. La falta de espacios adecuados y dise\u00f1ados espec\u00edficamente para los menores expone a ni\u00f1as y ni\u00f1os a situaciones que pueden afectar negativamente su estabilidad emocional y su relaci\u00f3n con sus progenitores privados de libertad\u201d, asever\u00f3.<\/p>\n\n\n\n<p>En Nuevo Le\u00f3n, la protecci\u00f3n de los derechos humanos de las ni\u00f1as, ni\u00f1os y adolescentes debe ser una prioridad en la agenda legislativa y gubernamental, insisti\u00f3.<\/p>\n","protected":false},"excerpt":{"rendered":"<p>La Coordinadora del Grupo Legislativo del PRD, Perla Villarreal Valdez, present\u00f3 iniciativa de reforma a la Ley de los Derechos de las Ni\u00f1as, Ni\u00f1os y Adolescentes para que a los menores se les reconozca el derecho de contar con un espacio digno&nbsp;cuando acudan a visitar a sus padres que se encuentren privados de su libertad [&hellip;]<\/p>\n","protected":false},"author":1,"featured_media":135121,"comment_status":"open","ping_status":"open","sticky":false,"template":"","format":"standard","meta":{"footnotes":""},"categories":[6],"tags":[],"_links":{"self":[{"href":"https:\/\/diariodigitalmx.com\/index.php\/wp-json\/wp\/v2\/posts\/135119"}],"collection":[{"href":"https:\/\/diariodigitalmx.com\/index.php\/wp-json\/wp\/v2\/posts"}],"about":[{"href":"https:\/\/diariodigitalmx.com\/index.php\/wp-json\/wp\/v2\/types\/post"}],"author":[{"embeddable":true,"href":"https:\/\/diariodigitalmx.com\/index.php\/wp-json\/wp\/v2\/users\/1"}],"replies":[{"embeddable":true,"href":"https:\/\/diariodigitalmx.com\/index.php\/wp-json\/wp\/v2\/comments?post=135119"}],"version-history":[{"count":1,"href":"https:\/\/diariodigitalmx.com\/index.php\/wp-json\/wp\/v2\/posts\/135119\/revisions"}],"predecessor-version":[{"id":135120,"href":"https:\/\/diariodigitalmx.com\/index.php\/wp-json\/wp\/v2\/posts\/135119\/revisions\/135120"}],"wp:featuredmedia":[{"embeddable":true,"href":"https:\/\/diariodigitalmx.com\/index.php\/wp-json\/wp\/v2\/media\/135121"}],"wp:attachment":[{"href":"https:\/\/diariodigitalmx.com\/index.php\/wp-json\/wp\/v2\/media?parent=135119"}],"wp:term":[{"taxonomy":"category","embeddable":true,"href":"https:\/\/diariodigitalmx.com\/index.php\/wp-json\/wp\/v2\/categories?post=135119"},{"taxonomy":"post_tag","embeddable":true,"href":"https:\/\/diariodigitalmx.com\/index.php\/wp-json\/wp\/v2\/tags?post=135119"}],"curies":[{"name":"wp","href":"https:\/\/api.w.org\/{rel}","templated":true}]}}