{"id":135161,"date":"2025-05-18T19:41:28","date_gmt":"2025-05-19T01:41:28","guid":{"rendered":"https:\/\/diariodigitalmx.com\/?p=135161"},"modified":"2025-05-18T19:45:35","modified_gmt":"2025-05-19T01:45:35","slug":"conmemora-monterrey-45-anos-de-la-gran-orquesta-de-la-ciudad","status":"publish","type":"post","link":"https:\/\/diariodigitalmx.com\/index.php\/2025\/05\/18\/conmemora-monterrey-45-anos-de-la-gran-orquesta-de-la-ciudad\/","title":{"rendered":"Conmemora Monterrey 45\u202fa\u00f1os de la Gran Orquesta de la ciudad"},"content":{"rendered":"\n<p>Con el objetivo de honrar la trayectoria musical que ha acompa\u00f1ado a la comunidad regiomontana durante m\u00e1s de 4 d\u00e9cadas, el Gobierno de Monterrey llev\u00f3 a cabo un baile de gala en los bajos del Palacio Municipal para celebrar a la Gran Orquesta de la ciudad de Monterrey.<\/p>\n\n\n\n<p>Desde las 11:00 horas, los asistentes entonaron \u201cLas Ma\u00f1anitas\u201d para recibir a la agrupaci\u00f3n. La orquesta abri\u00f3 la jornada con \u201cSerenata a la luz de la luna\u201d y continu\u00f3 con diversas melod\u00edas que contagiaron el ambiente de alegr\u00eda e hicieron bailar a cientos de personas que se dieron cita para celebrar juntos.<\/p>\n\n\n\n<figure class=\"wp-block-image size-large\"><img loading=\"lazy\" decoding=\"async\" width=\"1024\" height=\"683\" src=\"https:\/\/diariodigitalmx.com\/wp-content\/uploads\/2025\/05\/45-ANIV-ORQUESTA-1024x683.jpg\" alt=\"\" class=\"wp-image-135165\" srcset=\"https:\/\/diariodigitalmx.com\/wp-content\/uploads\/2025\/05\/45-ANIV-ORQUESTA-1024x683.jpg 1024w, https:\/\/diariodigitalmx.com\/wp-content\/uploads\/2025\/05\/45-ANIV-ORQUESTA-300x200.jpg 300w, https:\/\/diariodigitalmx.com\/wp-content\/uploads\/2025\/05\/45-ANIV-ORQUESTA-768x512.jpg 768w, https:\/\/diariodigitalmx.com\/wp-content\/uploads\/2025\/05\/45-ANIV-ORQUESTA-1536x1024.jpg 1536w, https:\/\/diariodigitalmx.com\/wp-content\/uploads\/2025\/05\/45-ANIV-ORQUESTA-2048x1365.jpg 2048w\" sizes=\"(max-width: 1024px) 100vw, 1024px\" \/><\/figure>\n\n\n\n<p>\u201cHoy es un d\u00eda de bailar con un motivo especial que es celebrar el 45 aniversario de la gran orquesta de Monterrey. Y es para ellos el aplauso, es para ellos las porras, es para ellos el gozo y adem\u00e1s todo nuestro agradecimiento a cada uno de ustedes por entregar el coraz\u00f3n cada d\u00eda\u201d, expres\u00f3 Silvia Nancy Garc\u00eda Trevi\u00f1o, Directora General de Turismo es Cultura.<\/p>\n\n\n\n<figure class=\"wp-block-image size-large\"><img loading=\"lazy\" decoding=\"async\" width=\"1024\" height=\"683\" src=\"https:\/\/diariodigitalmx.com\/wp-content\/uploads\/2025\/05\/45-ANIV-ORQUESTA-4-1024x683.jpg\" alt=\"\" class=\"wp-image-135166\" srcset=\"https:\/\/diariodigitalmx.com\/wp-content\/uploads\/2025\/05\/45-ANIV-ORQUESTA-4-1024x683.jpg 1024w, https:\/\/diariodigitalmx.com\/wp-content\/uploads\/2025\/05\/45-ANIV-ORQUESTA-4-300x200.jpg 300w, https:\/\/diariodigitalmx.com\/wp-content\/uploads\/2025\/05\/45-ANIV-ORQUESTA-4-768x512.jpg 768w, https:\/\/diariodigitalmx.com\/wp-content\/uploads\/2025\/05\/45-ANIV-ORQUESTA-4-1536x1024.jpg 1536w, https:\/\/diariodigitalmx.com\/wp-content\/uploads\/2025\/05\/45-ANIV-ORQUESTA-4-2048x1365.jpg 2048w\" sizes=\"(max-width: 1024px) 100vw, 1024px\" \/><\/figure>\n\n\n\n<p>En el transcurso del evento se otorgaron reconocimientos a los m\u00fasicos por su aportaci\u00f3n al patrimonio art\u00edstico de la ciudad y se comparti\u00f3 un pastel conmemorativo entre el p\u00fablico y la orquesta, generando un ambiente de convivencia entre los presentes.<\/p>\n\n\n\n<figure class=\"wp-block-gallery has-nested-images columns-default is-cropped wp-block-gallery-1 is-layout-flex wp-block-gallery-is-layout-flex\">\n<figure class=\"wp-block-image size-large\"><img loading=\"lazy\" decoding=\"async\" width=\"1024\" height=\"683\" data-id=\"135167\" src=\"https:\/\/diariodigitalmx.com\/wp-content\/uploads\/2025\/05\/45-ANIV-ORQUESTA-5-1024x683.jpg\" alt=\"\" class=\"wp-image-135167\" srcset=\"https:\/\/diariodigitalmx.com\/wp-content\/uploads\/2025\/05\/45-ANIV-ORQUESTA-5-1024x683.jpg 1024w, https:\/\/diariodigitalmx.com\/wp-content\/uploads\/2025\/05\/45-ANIV-ORQUESTA-5-300x200.jpg 300w, https:\/\/diariodigitalmx.com\/wp-content\/uploads\/2025\/05\/45-ANIV-ORQUESTA-5-768x512.jpg 768w, https:\/\/diariodigitalmx.com\/wp-content\/uploads\/2025\/05\/45-ANIV-ORQUESTA-5-1536x1024.jpg 1536w, https:\/\/diariodigitalmx.com\/wp-content\/uploads\/2025\/05\/45-ANIV-ORQUESTA-5-2048x1365.jpg 2048w\" sizes=\"(max-width: 1024px) 100vw, 1024px\" \/><\/figure>\n\n\n\n<figure class=\"wp-block-image size-large\"><img loading=\"lazy\" decoding=\"async\" width=\"1024\" height=\"683\" data-id=\"135168\" src=\"https:\/\/diariodigitalmx.com\/wp-content\/uploads\/2025\/05\/45-ANIV-ORQUESTA-2-1024x683.jpg\" alt=\"\" class=\"wp-image-135168\" srcset=\"https:\/\/diariodigitalmx.com\/wp-content\/uploads\/2025\/05\/45-ANIV-ORQUESTA-2-1024x683.jpg 1024w, https:\/\/diariodigitalmx.com\/wp-content\/uploads\/2025\/05\/45-ANIV-ORQUESTA-2-300x200.jpg 300w, https:\/\/diariodigitalmx.com\/wp-content\/uploads\/2025\/05\/45-ANIV-ORQUESTA-2-768x512.jpg 768w, https:\/\/diariodigitalmx.com\/wp-content\/uploads\/2025\/05\/45-ANIV-ORQUESTA-2-1536x1024.jpg 1536w, https:\/\/diariodigitalmx.com\/wp-content\/uploads\/2025\/05\/45-ANIV-ORQUESTA-2-2048x1365.jpg 2048w\" sizes=\"(max-width: 1024px) 100vw, 1024px\" \/><\/figure>\n<\/figure>\n\n\n\n<p>Con esta celebraci\u00f3n, la administraci\u00f3n encabezada por Adri\u00e1n de la Garza, refrend\u00f3 su compromiso de impulsar actividades culturales de calidad y de mantener vivo el legado sonoro que identifica a Monterrey.<\/p>\n","protected":false},"excerpt":{"rendered":"<p>Con el objetivo de honrar la trayectoria musical que ha acompa\u00f1ado a la comunidad regiomontana durante m\u00e1s de 4 d\u00e9cadas, el Gobierno de Monterrey llev\u00f3 a cabo un baile de gala en los bajos del Palacio Municipal para celebrar a la Gran Orquesta de la ciudad de Monterrey. Desde las 11:00 horas, los asistentes entonaron [&hellip;]<\/p>\n","protected":false},"author":1,"featured_media":135163,"comment_status":"open","ping_status":"open","sticky":false,"template":"","format":"standard","meta":{"footnotes":""},"categories":[9,5],"tags":[],"_links":{"self":[{"href":"https:\/\/diariodigitalmx.com\/index.php\/wp-json\/wp\/v2\/posts\/135161"}],"collection":[{"href":"https:\/\/diariodigitalmx.com\/index.php\/wp-json\/wp\/v2\/posts"}],"about":[{"href":"https:\/\/diariodigitalmx.com\/index.php\/wp-json\/wp\/v2\/types\/post"}],"author":[{"embeddable":true,"href":"https:\/\/diariodigitalmx.com\/index.php\/wp-json\/wp\/v2\/users\/1"}],"replies":[{"embeddable":true,"href":"https:\/\/diariodigitalmx.com\/index.php\/wp-json\/wp\/v2\/comments?post=135161"}],"version-history":[{"count":2,"href":"https:\/\/diariodigitalmx.com\/index.php\/wp-json\/wp\/v2\/posts\/135161\/revisions"}],"predecessor-version":[{"id":135169,"href":"https:\/\/diariodigitalmx.com\/index.php\/wp-json\/wp\/v2\/posts\/135161\/revisions\/135169"}],"wp:featuredmedia":[{"embeddable":true,"href":"https:\/\/diariodigitalmx.com\/index.php\/wp-json\/wp\/v2\/media\/135163"}],"wp:attachment":[{"href":"https:\/\/diariodigitalmx.com\/index.php\/wp-json\/wp\/v2\/media?parent=135161"}],"wp:term":[{"taxonomy":"category","embeddable":true,"href":"https:\/\/diariodigitalmx.com\/index.php\/wp-json\/wp\/v2\/categories?post=135161"},{"taxonomy":"post_tag","embeddable":true,"href":"https:\/\/diariodigitalmx.com\/index.php\/wp-json\/wp\/v2\/tags?post=135161"}],"curies":[{"name":"wp","href":"https:\/\/api.w.org\/{rel}","templated":true}]}}